{"id":8155,"date":"2011-07-04T13:15:00","date_gmt":"2011-07-04T13:15:00","guid":{"rendered":"http:\/\/formalprision.info\/2011\/07\/04\/mas-detalles-del-violento-inicio-de-la\/"},"modified":"2015-06-03T08:56:41","modified_gmt":"2015-06-03T08:56:41","slug":"mas-detalles-del-violento-inicio-de-la","status":"publish","type":"post","link":"https:\/\/formalprision.com\/?p=8155","title":{"rendered":"M\u00e1s detalles del violento inicio de la construcci\u00f3n del Paso Deprimido"},"content":{"rendered":"<p><a href=\"http:\/\/2.bp.blogspot.com\/-sIw2aT6X5sg\/ThF-KTx5PSI\/AAAAAAAADqY\/5rqxsH8di7M\/s1600\/aadalelavuelta.jpg\"><img decoding=\"async\" id=\"BLOGGER_PHOTO_ID_5625416125135797538\" style=\"FLOAT: left; MARGIN: 0px 10px 10px 0px; WIDTH: 240px; CURSOR: hand; HEIGHT: 320px\" alt=\"\" src=\"http:\/\/formalprision.com\/wp-content\/uploads\/2011\/07\/aadalelavuelta.jpg\" border=\"0\" \/><\/a><\/p>\n<div>\n<p><\/p>\n<div>Pese a la oposici\u00f3n violenta de quienes se oponen a la edificaci\u00f3n del \u00abpaso deprmido\u00bb, desde las primeras horas de esta madrugada la zona del Circuito Colonias y la Prolongaci\u00f3n del Paseo de Montejo las obras comenzaron y la zona qued\u00f3 cerrada al tr\u00e1nsito vehicular.<\/div>\n<p><\/p>\n<div>La empresa Proser, que construir\u00e1 la obra, llev\u00f3 su maquinaria pesada hasta el sitio para comenzar los trabajos.<\/div>\n<p><\/p>\n<div>Las obras comenzaron de hecho de inmediato, pues empleados rompieron parte del concreto con barretas y luego las m\u00e1quinas hicieron lo mismo, aunque los manifestantes se colocaron delante de las m\u00e1quinas en un itnento por evitar los trabajos.<\/div>\n<p><\/p>\n<div>Lograron parcialmente su objetivo porque algunas m\u00e1quinas suspendieron su trabajo, pero solo por cuesti\u00f3n de horas.<\/div>\n<div>Los protestantes, quienes se enfrentaron a golpes con los obreros, al final de cuentas tuvieron que hacerse a un lado, pero permanecieron en el sitio.<\/div>\n<p><\/p>\n<div>El Ayuntamiento de M\u00e9rida acus\u00f3 a los panistas Salvador Vitelli y Orlando P\u00e9rez Moguel de azuzar a los protestantes para impedir el inicio de la obra y hasta de romperle una c\u00e1mara a un empleado de la constructora que tomaba fotos.<\/div>\n<p><\/p>\n<div>La tensi\u00f3n en esa ona dur\u00f3 m\u00e1s de dos horas, pues al lugar llegaron \u00abrefuerzos\u00bb de los protestantes, convocados a trav\u00e9s de Twitter.<\/div>\n<p><\/p>\n<div>Algunos de los manifestantes se acostaron delante de la maquinaria pesada para impedir los trabajos. <\/div>\n<p><\/p>\n<div>La zona permanecer\u00e1 cerrada, pues se trabajar\u00e1 24 horas al d\u00eda en el sitio.<\/div>\n<\/div>\n","protected":false},"excerpt":{"rendered":"<p>Pese a la oposici\u00f3n violenta de quienes se oponen a la edificaci\u00f3n del \u00abpaso deprmido\u00bb, desde las primeras horas de esta madrugada la zona del Circuito Colonias y la Prolongaci\u00f3n<\/p>\n","protected":false},"author":1,"featured_media":26312,"comment_status":"open","ping_status":"open","sticky":false,"template":"","format":"standard","meta":{"jetpack_post_was_ever_published":false,"_jetpack_newsletter_access":"","_jetpack_dont_email_post_to_subs":false,"_jetpack_newsletter_tier_id":0,"_jetpack_memberships_contains_paywalled_content":false,"_jetpack_memberships_contains_paid_content":false,"footnotes":"","jetpack_publicize_message":"","jetpack_publicize_feature_enabled":true,"jetpack_social_post_already_shared":false,"jetpack_social_options":{"image_generator_settings":{"template":"highway","default_image_id":0,"font":"","enabled":false},"version":2}},"categories":[3,1,49],"tags":[],"class_list":["post-8155","post","type-post","status-publish","format-standard","has-post-thumbnail","hentry","category-portada","category-sin-categoria","category-tocho-morocho"],"jetpack_publicize_connections":[],"jetpack_featured_media_url":"https:\/\/formalprision.com\/wp-content\/uploads\/2011\/07\/aadalelavuelta.jpg","jetpack_sharing_enabled":true,"jetpack_shortlink":"https:\/\/wp.me\/p6id8p-27x","_links":{"self":[{"href":"https:\/\/formalprision.com\/index.php?rest_route=\/wp\/v2\/posts\/8155","targetHints":{"allow":["GET"]}}],"collection":[{"href":"https:\/\/formalprision.com\/index.php?rest_route=\/wp\/v2\/posts"}],"about":[{"href":"https:\/\/formalprision.com\/index.php?rest_route=\/wp\/v2\/types\/post"}],"author":[{"embeddable":true,"href":"https:\/\/formalprision.com\/index.php?rest_route=\/wp\/v2\/users\/1"}],"replies":[{"embeddable":true,"href":"https:\/\/formalprision.com\/index.php?rest_route=%2Fwp%2Fv2%2Fcomments&post=8155"}],"version-history":[{"count":0,"href":"https:\/\/formalprision.com\/index.php?rest_route=\/wp\/v2\/posts\/8155\/revisions"}],"wp:featuredmedia":[{"embeddable":true,"href":"https:\/\/formalprision.com\/index.php?rest_route=\/wp\/v2\/media\/26312"}],"wp:attachment":[{"href":"https:\/\/formalprision.com\/index.php?rest_route=%2Fwp%2Fv2%2Fmedia&parent=8155"}],"wp:term":[{"taxonomy":"category","embeddable":true,"href":"https:\/\/formalprision.com\/index.php?rest_route=%2Fwp%2Fv2%2Fcategories&post=8155"},{"taxonomy":"post_tag","embeddable":true,"href":"https:\/\/formalprision.com\/index.php?rest_route=%2Fwp%2Fv2%2Ftags&post=8155"}],"curies":[{"name":"wp","href":"https:\/\/api.w.org\/{rel}","templated":true}]}}