{"id":8156,"date":"2011-07-04T07:54:00","date_gmt":"2011-07-04T07:54:00","guid":{"rendered":"http:\/\/formalprision.info\/2011\/07\/04\/violento-inicio-de-la-construccion-de\/"},"modified":"2015-06-03T08:56:41","modified_gmt":"2015-06-03T08:56:41","slug":"violento-inicio-de-la-construccion-de","status":"publish","type":"post","link":"https:\/\/formalprision.com\/?p=8156","title":{"rendered":"Violento inicio de la construcci\u00f3n del paso deprimido esta madrugada"},"content":{"rendered":"<p><a href=\"http:\/\/1.bp.blogspot.com\/-C-3bn6lifPU\/ThFzTws2F2I\/AAAAAAAADqA\/yh_XJw6fDCs\/s1600\/aaaviolentoinicio.jpg\"><img decoding=\"async\" id=\"BLOGGER_PHOTO_ID_5625404192890165090\" style=\"FLOAT: left; MARGIN: 0px 10px 10px 0px; WIDTH: 320px; CURSOR: hand; HEIGHT: 235px\" alt=\"\" src=\"http:\/\/formalprision.com\/wp-content\/uploads\/2011\/07\/aaaviolentoinicio.jpg\" border=\"0\" \/><\/a><\/p>\n<div>Esta madrugada inici\u00f3 la construcci\u00f3n del \u00abpaso deprimido\u00bb con un enfrentamiento entre empleados de la empresa Proser y manifestantes que se oponen a la edificaci\u00f3n del t\u00fanel.<\/div>\n<div>Al final de cuentas y con el apoyo de empleados de seguridad privada, la empresa inici\u00f3 los trabajos de construcci\u00f3n del t\u00fanel.<\/div>\n<p><\/p>\n<div>Poco despu\u00e9s de la 1 de la madrugada, al sitio llegaron empleados de Proser y se apostaron en la fuente, lo que marc\u00f3 el enfrentamiento con quienes hac\u00edan guardia desde hace varios d\u00edas.<\/div>\n<p><\/p>\n<div>La situaci\u00f3n casi se sale de control porque los protestantes utilizaron las redes sociales para convocar a uienes se oponen a la construcci\u00f3n.<\/div>\n<p><\/p>\n<div>A trav\u00e9s de la cuenta @retenesmerida y de Facebook los protestantes pidieron apoyo y se quejaron de que fueron golpeados por personal de Proser, aunque algunos aseguraron que hab\u00eda empleados del Ayuntamiento de M\u00e9rida.,<\/div>\n<p><\/p>\n<div><\/div>\n","protected":false},"excerpt":{"rendered":"<p>Esta madrugada inici\u00f3 la construcci\u00f3n del \u00abpaso deprimido\u00bb con un enfrentamiento entre empleados de la empresa Proser y manifestantes que se oponen a la edificaci\u00f3n del t\u00fanel. Al final de<\/p>\n","protected":false},"author":1,"featured_media":26314,"comment_status":"open","ping_status":"open","sticky":false,"template":"","format":"standard","meta":{"jetpack_post_was_ever_published":false,"_jetpack_newsletter_access":"","_jetpack_dont_email_post_to_subs":false,"_jetpack_newsletter_tier_id":0,"_jetpack_memberships_contains_paywalled_content":false,"_jetpack_memberships_contains_paid_content":false,"footnotes":"","jetpack_publicize_message":"","jetpack_publicize_feature_enabled":true,"jetpack_social_post_already_shared":false,"jetpack_social_options":{"image_generator_settings":{"template":"highway","default_image_id":0,"font":"","enabled":false},"version":2}},"categories":[3,1,49],"tags":[],"class_list":["post-8156","post","type-post","status-publish","format-standard","has-post-thumbnail","hentry","category-portada","category-sin-categoria","category-tocho-morocho"],"jetpack_publicize_connections":[],"jetpack_featured_media_url":"https:\/\/formalprision.com\/wp-content\/uploads\/2011\/07\/aaaviolentoinicio.jpg","jetpack_sharing_enabled":true,"jetpack_shortlink":"https:\/\/wp.me\/p6id8p-27y","_links":{"self":[{"href":"https:\/\/formalprision.com\/index.php?rest_route=\/wp\/v2\/posts\/8156","targetHints":{"allow":["GET"]}}],"collection":[{"href":"https:\/\/formalprision.com\/index.php?rest_route=\/wp\/v2\/posts"}],"about":[{"href":"https:\/\/formalprision.com\/index.php?rest_route=\/wp\/v2\/types\/post"}],"author":[{"embeddable":true,"href":"https:\/\/formalprision.com\/index.php?rest_route=\/wp\/v2\/users\/1"}],"replies":[{"embeddable":true,"href":"https:\/\/formalprision.com\/index.php?rest_route=%2Fwp%2Fv2%2Fcomments&post=8156"}],"version-history":[{"count":0,"href":"https:\/\/formalprision.com\/index.php?rest_route=\/wp\/v2\/posts\/8156\/revisions"}],"wp:featuredmedia":[{"embeddable":true,"href":"https:\/\/formalprision.com\/index.php?rest_route=\/wp\/v2\/media\/26314"}],"wp:attachment":[{"href":"https:\/\/formalprision.com\/index.php?rest_route=%2Fwp%2Fv2%2Fmedia&parent=8156"}],"wp:term":[{"taxonomy":"category","embeddable":true,"href":"https:\/\/formalprision.com\/index.php?rest_route=%2Fwp%2Fv2%2Fcategories&post=8156"},{"taxonomy":"post_tag","embeddable":true,"href":"https:\/\/formalprision.com\/index.php?rest_route=%2Fwp%2Fv2%2Ftags&post=8156"}],"curies":[{"name":"wp","href":"https:\/\/api.w.org\/{rel}","templated":true}]}}