{"id":81635,"date":"2020-11-09T21:03:10","date_gmt":"2020-11-10T02:03:10","guid":{"rendered":"http:\/\/formalprision.com\/?p=81635"},"modified":"2020-11-11T13:22:20","modified_gmt":"2020-11-11T18:22:20","slug":"mauricio-vila-supera-el-coronavirus","status":"publish","type":"post","link":"https:\/\/formalprision.com\/?p=81635","title":{"rendered":"Mauricio Vila supera el coronavirus"},"content":{"rendered":"\n<p>El gobernador Mauricio Vila inform\u00f3 esta noche que ya super\u00f3 el coronavirus, por lo que ha sido dado de alta.<\/p>\n\n\n\n<p>Asimismo, anunci\u00f3 que desde ma\u00f1ana martes se reintegrar\u00e1 a las actividades presenciales.<\/p>\n\n\n\n<p>\u00abLes comparto la buena noticia que he sido dado de alta por el doctor por lo que a partir de ma\u00f1ana me reintegrar\u00e9 a mis actividades presenciales\u00bb &#8211; se\u00f1al\u00f3 a trav\u00e9s de sus redes sociales<\/p>\n\n\n\n<p>\u00abAgradezco y valoro mucho todos los buenos deseos y mensajes de aliento. Seguiremos trabajando fuerte para salir adelante, siempre <a href=\"https:\/\/mobile.twitter.com\/hashtag\/UnidosComoUnoSolo?src=hashtag_click\">#UnidosComoUnoSolo<\/a>.\u00bb &#8211; a\u00f1adi\u00f3 el mandatario.<\/p>\n\n\n\n<p>Como se recordar\u00e1, el 27 de octubre pasado dio resultado positivo a la prueba de Covid-19 que se realiz\u00f3 tras registrar s\u00edntomas de la enfermedad.<\/p>\n\n\n\n<p>Al dar positivo, se aisl\u00f3 para cumplir con el periodo de confinamiento y trabaj\u00f3 estas dos semanas v\u00eda telef\u00f3nica y a trav\u00e9s de videollamadas.<\/p>\n","protected":false},"excerpt":{"rendered":"<p>El gobernador Mauricio Vila inform\u00f3 esta noche que ya super\u00f3 el coronavirus, por lo que ha sido dado de alta. Asimismo, anunci\u00f3 que desde ma\u00f1ana martes se reintegrar\u00e1 a las<\/p>\n","protected":false},"author":1,"featured_media":81636,"comment_status":"open","ping_status":"open","sticky":false,"template":"","format":"standard","meta":{"jetpack_post_was_ever_published":false,"_jetpack_newsletter_access":"","_jetpack_dont_email_post_to_subs":false,"_jetpack_newsletter_tier_id":0,"_jetpack_memberships_contains_paywalled_content":false,"_jetpack_memberships_contains_paid_content":false,"footnotes":"","jetpack_publicize_message":"Les comparto la buena noticia que he sido dado de alta por el doctor por lo que a partir de ma\u00f1ana me reintegrar\u00e9 a mis actividades presenciales\" - se\u00f1al\u00f3 esta noche a trav\u00e9s de sus redes sociales","jetpack_publicize_feature_enabled":true,"jetpack_social_post_already_shared":true,"jetpack_social_options":{"image_generator_settings":{"template":"highway","default_image_id":0,"font":"","enabled":false},"version":2}},"categories":[54],"tags":[],"class_list":["post-81635","post","type-post","status-publish","format-standard","has-post-thumbnail","hentry","category-yucatan"],"jetpack_publicize_connections":[],"jetpack_featured_media_url":"https:\/\/formalprision.com\/wp-content\/uploads\/2020\/11\/Screenshot_20201109_200050.jpg","jetpack_sharing_enabled":true,"jetpack_shortlink":"https:\/\/wp.me\/p6id8p-leH","_links":{"self":[{"href":"https:\/\/formalprision.com\/index.php?rest_route=\/wp\/v2\/posts\/81635","targetHints":{"allow":["GET"]}}],"collection":[{"href":"https:\/\/formalprision.com\/index.php?rest_route=\/wp\/v2\/posts"}],"about":[{"href":"https:\/\/formalprision.com\/index.php?rest_route=\/wp\/v2\/types\/post"}],"author":[{"embeddable":true,"href":"https:\/\/formalprision.com\/index.php?rest_route=\/wp\/v2\/users\/1"}],"replies":[{"embeddable":true,"href":"https:\/\/formalprision.com\/index.php?rest_route=%2Fwp%2Fv2%2Fcomments&post=81635"}],"version-history":[{"count":0,"href":"https:\/\/formalprision.com\/index.php?rest_route=\/wp\/v2\/posts\/81635\/revisions"}],"wp:featuredmedia":[{"embeddable":true,"href":"https:\/\/formalprision.com\/index.php?rest_route=\/wp\/v2\/media\/81636"}],"wp:attachment":[{"href":"https:\/\/formalprision.com\/index.php?rest_route=%2Fwp%2Fv2%2Fmedia&parent=81635"}],"wp:term":[{"taxonomy":"category","embeddable":true,"href":"https:\/\/formalprision.com\/index.php?rest_route=%2Fwp%2Fv2%2Fcategories&post=81635"},{"taxonomy":"post_tag","embeddable":true,"href":"https:\/\/formalprision.com\/index.php?rest_route=%2Fwp%2Fv2%2Ftags&post=81635"}],"curies":[{"name":"wp","href":"https:\/\/api.w.org\/{rel}","templated":true}]}}