{"id":81722,"date":"2020-11-12T21:15:35","date_gmt":"2020-11-13T02:15:35","guid":{"rendered":"http:\/\/formalprision.com\/?p=81722"},"modified":"2020-11-14T12:55:35","modified_gmt":"2020-11-14T17:55:35","slug":"se-solicita-ayuda-para-localizar-a-adolescente-meridana-desaparecida","status":"publish","type":"post","link":"https:\/\/formalprision.com\/?p=81722","title":{"rendered":"Se solicita ayuda para localizar a adolescente  meridana desaparecida"},"content":{"rendered":"\n<p>La Fiscal\u00eda estatal solicita apoyo para localizar a la&nbsp;adolescente Franya Abigail Mart\u00ednez Mart\u00ednez, de 14 a\u00f1os.&nbsp;<\/p>\n\n\n\n<p>Fue vista por \u00faltima vez el 8 de noviembre, tras salir de su casa en la\u00a0colonia Ceiba, en Ciudad Caucel, M\u00e9rida.\u00a0<\/p>\n\n\n\n<p>Por este caso se ha activado la Alerta&nbsp;Amber,&nbsp;pues se teme por su integridad.&nbsp;<\/p>\n\n\n\n<p>Como se\u00f1a particular, presenta una cicatriz dn la pantorrilla izquierda y al salir llevaba un vestido de tirantes blanco con rojo, blusa blanca y sandalias moradas. .&nbsp;&nbsp;<\/p>\n\n\n\n<p>Cualquier informaci\u00f3n favor de reportarla al&nbsp;<a href=\"tel:930%2032%2050\">930 32 50<\/a>, extensi\u00f3n 41200.<\/p>\n","protected":false},"excerpt":{"rendered":"<p>La Fiscal\u00eda estatal solicita apoyo para localizar a la&nbsp;adolescente Franya Abigail Mart\u00ednez Mart\u00ednez, de 14 a\u00f1os.&nbsp; Fue vista por \u00faltima vez el 8 de noviembre, tras salir de su casa<\/p>\n","protected":false},"author":1,"featured_media":81723,"comment_status":"open","ping_status":"open","sticky":false,"template":"","format":"standard","meta":{"jetpack_post_was_ever_published":false,"_jetpack_newsletter_access":"","_jetpack_dont_email_post_to_subs":false,"_jetpack_newsletter_tier_id":0,"_jetpack_memberships_contains_paywalled_content":false,"_jetpack_memberships_contains_paid_content":false,"footnotes":"","jetpack_publicize_message":"Franya Abigail Mart\u00ednez Mart\u00ednez, de 14 a\u00f1os, quien fue vista por \u00faltima vez el 8 de noviembre, tras salir de su casa en la colonia Ceiba, en M\u00e9rida","jetpack_publicize_feature_enabled":true,"jetpack_social_post_already_shared":true,"jetpack_social_options":{"image_generator_settings":{"template":"highway","default_image_id":0,"font":"","enabled":false},"version":2}},"categories":[54],"tags":[],"class_list":["post-81722","post","type-post","status-publish","format-standard","has-post-thumbnail","hentry","category-yucatan"],"jetpack_publicize_connections":[],"jetpack_featured_media_url":"https:\/\/formalprision.com\/wp-content\/uploads\/2020\/11\/FB_IMG_1605233001684.jpg","jetpack_sharing_enabled":true,"jetpack_shortlink":"https:\/\/wp.me\/p6id8p-lg6","_links":{"self":[{"href":"https:\/\/formalprision.com\/index.php?rest_route=\/wp\/v2\/posts\/81722","targetHints":{"allow":["GET"]}}],"collection":[{"href":"https:\/\/formalprision.com\/index.php?rest_route=\/wp\/v2\/posts"}],"about":[{"href":"https:\/\/formalprision.com\/index.php?rest_route=\/wp\/v2\/types\/post"}],"author":[{"embeddable":true,"href":"https:\/\/formalprision.com\/index.php?rest_route=\/wp\/v2\/users\/1"}],"replies":[{"embeddable":true,"href":"https:\/\/formalprision.com\/index.php?rest_route=%2Fwp%2Fv2%2Fcomments&post=81722"}],"version-history":[{"count":0,"href":"https:\/\/formalprision.com\/index.php?rest_route=\/wp\/v2\/posts\/81722\/revisions"}],"wp:featuredmedia":[{"embeddable":true,"href":"https:\/\/formalprision.com\/index.php?rest_route=\/wp\/v2\/media\/81723"}],"wp:attachment":[{"href":"https:\/\/formalprision.com\/index.php?rest_route=%2Fwp%2Fv2%2Fmedia&parent=81722"}],"wp:term":[{"taxonomy":"category","embeddable":true,"href":"https:\/\/formalprision.com\/index.php?rest_route=%2Fwp%2Fv2%2Fcategories&post=81722"},{"taxonomy":"post_tag","embeddable":true,"href":"https:\/\/formalprision.com\/index.php?rest_route=%2Fwp%2Fv2%2Ftags&post=81722"}],"curies":[{"name":"wp","href":"https:\/\/api.w.org\/{rel}","templated":true}]}}