{"id":8175,"date":"2011-06-25T19:13:00","date_gmt":"2011-06-25T19:13:00","guid":{"rendered":"http:\/\/formalprision.info\/2011\/06\/25\/fiscalia-no-podra-apelar-liberacion-de\/"},"modified":"2015-06-03T08:56:44","modified_gmt":"2015-06-03T08:56:44","slug":"fiscalia-no-podra-apelar-liberacion-de","status":"publish","type":"post","link":"https:\/\/formalprision.com\/?p=8175","title":{"rendered":"Fiscal\u00eda no podr\u00e1 apelar liberaci\u00f3n de los dizque asaltantes de Altabrisa"},"content":{"rendered":"<p><a href=\"http:\/\/1.bp.blogspot.com\/-RM5X3j-Lxaw\/TgWL5UCA4FI\/AAAAAAAADmo\/FgOlrfzFAf4\/s1600\/aaaalibrepierrtots.jpg\"><img decoding=\"async\" id=\"BLOGGER_PHOTO_ID_5622053526587891794\" style=\"FLOAT: left; MARGIN: 0px 10px 10px 0px; WIDTH: 240px; CURSOR: hand; HEIGHT: 320px\" alt=\"\" src=\"http:\/\/formalprision.com\/wp-content\/uploads\/2011\/06\/aaaalibrepierrtots.jpg\" border=\"0\" \/><\/a><\/p>\n<div>La Fiscal\u00eda General del Estado no podr\u00e1 apelar la liberaci\u00f3n de los que fueron se\u00f1alados como cabecillas del asalto de la joyer\u00eda Bauer de Altabrisa.<\/div>\n<p><\/p>\n<div>La instituci\u00f3n est\u00e1 atada de manos porque el fallo es de un tribunal de \u00faltima instancia.<\/div>\n<p><\/p>\n<div>Por este motivo, Francisco Jos\u00e9 P\u00e9rez Janeiro (a) Pierrot y su novia la uruguata Andrea Karina Lomazzi Viera, quedan totalmente libres de toda culpa.<\/div>\n<p><\/p>\n<div>Asimismo, el Instituo Nacional de Migraci\u00f3n inform\u00f3 que P\u00e9rez Janeiro es mexicano y no espa\u00f1ol como se cre\u00eda.<\/div>\n<p><\/p>\n<div>En el caso de la uruguaya, su permiso de estancia en el pa\u00eds se venci\u00f3 cuando estaba en la c\u00e1rcel, por lo que ahora deber\u00e1 salir de M\u00e9xico y solicitar su reingreso.<\/div>\n<p><\/p>\n<div>La pareja recibi\u00f3 un amparo del Tribunal Colegiado, por lo que fueron exonerados de toda culpa.<\/div>\n<p><\/p>\n<div><\/div>\n","protected":false},"excerpt":{"rendered":"<p>La Fiscal\u00eda General del Estado no podr\u00e1 apelar la liberaci\u00f3n de los que fueron se\u00f1alados como cabecillas del asalto de la joyer\u00eda Bauer de Altabrisa. La instituci\u00f3n est\u00e1 atada de<\/p>\n","protected":false},"author":1,"featured_media":26351,"comment_status":"open","ping_status":"open","sticky":false,"template":"","format":"standard","meta":{"jetpack_post_was_ever_published":false,"_jetpack_newsletter_access":"","_jetpack_dont_email_post_to_subs":false,"_jetpack_newsletter_tier_id":0,"_jetpack_memberships_contains_paywalled_content":false,"_jetpack_memberships_contains_paid_content":false,"footnotes":"","jetpack_publicize_message":"","jetpack_publicize_feature_enabled":true,"jetpack_social_post_already_shared":false,"jetpack_social_options":{"image_generator_settings":{"template":"highway","default_image_id":0,"font":"","enabled":false},"version":2}},"categories":[3,1,53],"tags":[],"class_list":["post-8175","post","type-post","status-publish","format-standard","has-post-thumbnail","hentry","category-portada","category-sin-categoria","category-yo-no-fui"],"jetpack_publicize_connections":[],"jetpack_featured_media_url":"https:\/\/formalprision.com\/wp-content\/uploads\/2011\/06\/aaaalibrepierrtots.jpg","jetpack_sharing_enabled":true,"jetpack_shortlink":"https:\/\/wp.me\/p6id8p-27R","_links":{"self":[{"href":"https:\/\/formalprision.com\/index.php?rest_route=\/wp\/v2\/posts\/8175","targetHints":{"allow":["GET"]}}],"collection":[{"href":"https:\/\/formalprision.com\/index.php?rest_route=\/wp\/v2\/posts"}],"about":[{"href":"https:\/\/formalprision.com\/index.php?rest_route=\/wp\/v2\/types\/post"}],"author":[{"embeddable":true,"href":"https:\/\/formalprision.com\/index.php?rest_route=\/wp\/v2\/users\/1"}],"replies":[{"embeddable":true,"href":"https:\/\/formalprision.com\/index.php?rest_route=%2Fwp%2Fv2%2Fcomments&post=8175"}],"version-history":[{"count":0,"href":"https:\/\/formalprision.com\/index.php?rest_route=\/wp\/v2\/posts\/8175\/revisions"}],"wp:featuredmedia":[{"embeddable":true,"href":"https:\/\/formalprision.com\/index.php?rest_route=\/wp\/v2\/media\/26351"}],"wp:attachment":[{"href":"https:\/\/formalprision.com\/index.php?rest_route=%2Fwp%2Fv2%2Fmedia&parent=8175"}],"wp:term":[{"taxonomy":"category","embeddable":true,"href":"https:\/\/formalprision.com\/index.php?rest_route=%2Fwp%2Fv2%2Fcategories&post=8175"},{"taxonomy":"post_tag","embeddable":true,"href":"https:\/\/formalprision.com\/index.php?rest_route=%2Fwp%2Fv2%2Ftags&post=8175"}],"curies":[{"name":"wp","href":"https:\/\/api.w.org\/{rel}","templated":true}]}}