{"id":8201,"date":"2011-06-19T19:23:00","date_gmt":"2011-06-19T19:23:00","guid":{"rendered":"http:\/\/formalprision.info\/2011\/06\/19\/se-niega-bajarse-de-su-carro-porque\/"},"modified":"2015-06-03T08:56:50","modified_gmt":"2015-06-03T08:56:50","slug":"se-niega-bajarse-de-su-carro-porque","status":"publish","type":"post","link":"https:\/\/formalprision.com\/?p=8201","title":{"rendered":"Se niega a bajarse de su carro porque llevaba 400 dosis de crack"},"content":{"rendered":"<p><a href=\"http:\/\/3.bp.blogspot.com\/-BlW-bHduYlI\/Tf2lxaOmY-I\/AAAAAAAADi4\/sSfTT0zuKLo\/s1600\/aaa%2B%25C3%25B2edrotas.JPG\"><img decoding=\"async\" id=\"BLOGGER_PHOTO_ID_5619830178300978146\" style=\"FLOAT: left; MARGIN: 0px 10px 10px 0px; WIDTH: 307px; CURSOR: hand; HEIGHT: 320px\" alt=\"\" src=\"http:\/\/formalprision.com\/wp-content\/uploads\/2011\/06\/aaa-%C3%B2edrotas.jpg\" border=\"0\" \/><\/a><\/p>\n<p><\/p>\n<div>Elementos de la Secretar\u00eda de Seguridad P\u00fablica detuvieron ayer a Abdiel Jair Monta\u00f1ez Villarreal, de 23 a\u00f1os de edad, quien ten\u00eda en su poder 400 dosis de crack, cuatro de mayor tama\u00f1o y dos bolsitas de coca\u00edna, adem\u00e1s de dos b\u00e1sculas digitales que se usan para pesar la droga.<br \/>El individuo se neg\u00f3 a descender de la camioneta y fue necesario que una gr\u00faa la remolcara hasta el edificio de la Corporaci\u00f3n en la Avenida Reforma, donde finalmente baj\u00f3 y abri\u00f3 un bulto en el que hab\u00eda colocado el alcaloide.<br \/>La detenci\u00f3n se efectu\u00f3 en la calle 99 por 64 y 64-D de la colonia Melit\u00f3n Salazar, que fue donde la unidad policial le dio alcance, porque a la primera llamada trat\u00f3 de darse a la fuga, tras ser sorprendido circulando a velocidad excesiva y sin respetar una se\u00f1al de alto.<br \/>Cuando dos oficiales se aproximaron a la camioneta, una Cheyenne de color negro, con vidrios polarizados y placas CN-96-992 del estado de Campeche, el sujeto se comport\u00f3 agresivo y ofreci\u00f3 dinero para que lo dejaran retirarse; dijo que llamar\u00eda a la prensa, a Derechos Humanos y a sus abogados y advirti\u00f3 que lograr\u00eda que los polic\u00edas fueran despedidos. Los elementos hab\u00edan observado que apresuradamente guardaba algo en un bulto e insistieron en que bajara; pero ante la negativa solicitaron la gr\u00faa.<br \/>Incluso al ingresar a la c\u00e1rcel, Monta\u00f1ez Villarreal ofreci\u00f3 a los polic\u00edas endosar a su favor los documentos un terreno que dijo tener en la comisar\u00eda de Dzity\u00e1 con valor aproximado de 300 mil pesos; agredi\u00f3 a un uniformado con una patada en el t\u00f3rax.<br \/>Adem\u00e1s de la droga y las b\u00e1sculas, se le asegur\u00f3 un dispositivo de almacenamiento de datos USB. <\/div>\n","protected":false},"excerpt":{"rendered":"<p>Elementos de la Secretar\u00eda de Seguridad P\u00fablica detuvieron ayer a Abdiel Jair Monta\u00f1ez Villarreal, de 23 a\u00f1os de edad, quien ten\u00eda en su poder 400 dosis de crack, cuatro de<\/p>\n","protected":false},"author":1,"featured_media":26399,"comment_status":"open","ping_status":"open","sticky":false,"template":"","format":"standard","meta":{"jetpack_post_was_ever_published":false,"_jetpack_newsletter_access":"","_jetpack_dont_email_post_to_subs":false,"_jetpack_newsletter_tier_id":0,"_jetpack_memberships_contains_paywalled_content":false,"_jetpack_memberships_contains_paid_content":false,"footnotes":"","jetpack_publicize_message":"","jetpack_publicize_feature_enabled":true,"jetpack_social_post_already_shared":false,"jetpack_social_options":{"image_generator_settings":{"template":"highway","default_image_id":0,"font":"","enabled":false},"version":2}},"categories":[47,3,1],"tags":[],"class_list":["post-8201","post","type-post","status-publish","format-standard","has-post-thumbnail","hentry","category-narcos","category-portada","category-sin-categoria"],"jetpack_publicize_connections":[],"jetpack_featured_media_url":"https:\/\/formalprision.com\/wp-content\/uploads\/2011\/06\/aaa-%C3%B2edrotas.jpg","jetpack_sharing_enabled":true,"jetpack_shortlink":"https:\/\/wp.me\/p6id8p-28h","_links":{"self":[{"href":"https:\/\/formalprision.com\/index.php?rest_route=\/wp\/v2\/posts\/8201","targetHints":{"allow":["GET"]}}],"collection":[{"href":"https:\/\/formalprision.com\/index.php?rest_route=\/wp\/v2\/posts"}],"about":[{"href":"https:\/\/formalprision.com\/index.php?rest_route=\/wp\/v2\/types\/post"}],"author":[{"embeddable":true,"href":"https:\/\/formalprision.com\/index.php?rest_route=\/wp\/v2\/users\/1"}],"replies":[{"embeddable":true,"href":"https:\/\/formalprision.com\/index.php?rest_route=%2Fwp%2Fv2%2Fcomments&post=8201"}],"version-history":[{"count":0,"href":"https:\/\/formalprision.com\/index.php?rest_route=\/wp\/v2\/posts\/8201\/revisions"}],"wp:featuredmedia":[{"embeddable":true,"href":"https:\/\/formalprision.com\/index.php?rest_route=\/wp\/v2\/media\/26399"}],"wp:attachment":[{"href":"https:\/\/formalprision.com\/index.php?rest_route=%2Fwp%2Fv2%2Fmedia&parent=8201"}],"wp:term":[{"taxonomy":"category","embeddable":true,"href":"https:\/\/formalprision.com\/index.php?rest_route=%2Fwp%2Fv2%2Fcategories&post=8201"},{"taxonomy":"post_tag","embeddable":true,"href":"https:\/\/formalprision.com\/index.php?rest_route=%2Fwp%2Fv2%2Ftags&post=8201"}],"curies":[{"name":"wp","href":"https:\/\/api.w.org\/{rel}","templated":true}]}}