{"id":8204,"date":"2011-06-17T22:07:00","date_gmt":"2011-06-17T22:07:00","guid":{"rendered":"http:\/\/formalprision.info\/2011\/06\/17\/detiene-saiden-cuatro-secuestradores-de\/"},"modified":"2015-06-03T08:56:52","modified_gmt":"2015-06-03T08:56:52","slug":"detiene-saiden-cuatro-secuestradores-de","status":"publish","type":"post","link":"https:\/\/formalprision.com\/?p=8204","title":{"rendered":"Detiene Said\u00e9n a cuatro secuestradores de la banda de El Pato"},"content":{"rendered":"<p><a href=\"http:\/\/2.bp.blogspot.com\/-lM0tNKwryDg\/TfvXT9mF_HI\/AAAAAAAADiw\/4eG3KBcBYck\/s1600\/aaaasecuesrtras.jpg\"><img decoding=\"async\" id=\"BLOGGER_PHOTO_ID_5619321698026650738\" style=\"FLOAT: left; MARGIN: 0px 10px 10px 0px; WIDTH: 320px; CURSOR: hand; HEIGHT: 240px\" alt=\"\" src=\"http:\/\/formalprision.com\/wp-content\/uploads\/2011\/06\/aaaasecuesrtras.jpg\" border=\"0\" \/><\/a><\/p>\n<div>La Secretar\u00eda de Seguridad P\u00fablica report\u00f3 la detenci\u00f3n de cuatro secuestradores integrantes de la banda de Los Patos, que ha operado en el Estado de M\u00e9xico.<\/div>\n<div>Los cuatro sujetos, entre ellos un chaval de 16 a\u00f1os de edad, fueron detenidos luego de intentar asaltar un cervefr\u00edo al sur de la ciudad.<\/div>\n<p><\/p>\n<div>Luis Said\u00e9n Ojeda, secretario de Seguridad P\u00fablica, dijo que los sujetos fueron detenidos en la calle 95 entre 44 A y 46 de la colonia Santa Rosa.<\/div>\n<p><\/p>\n<div>El intento de asalto fue en un Servifr\u00edo en la calle 58 entre 83 y 85 donde amagaron a la encargada con un arma de fuego, pero no lograron llevarse el dinero y huyeron en un chevy blanco.<\/div>\n<p><\/p>\n<div>El jefe de la banda es Edgar S\u00e1nchez C\u00e1rdenas y los dem\u00e1s detenidos son Asbel Eduardo Carrillo Montalvo, V\u00edctor Salgado Aguado y el menor de edad B.M.R.R.<\/div>\n<div><\/div>\n<p><\/p>\n","protected":false},"excerpt":{"rendered":"<p>La Secretar\u00eda de Seguridad P\u00fablica report\u00f3 la detenci\u00f3n de cuatro secuestradores integrantes de la banda de Los Patos, que ha operado en el Estado de M\u00e9xico. Los cuatro sujetos, entre<\/p>\n","protected":false},"author":1,"featured_media":26405,"comment_status":"open","ping_status":"open","sticky":false,"template":"","format":"standard","meta":{"jetpack_post_was_ever_published":false,"_jetpack_newsletter_access":"","_jetpack_dont_email_post_to_subs":false,"_jetpack_newsletter_tier_id":0,"_jetpack_memberships_contains_paywalled_content":false,"_jetpack_memberships_contains_paid_content":false,"footnotes":"","jetpack_publicize_message":"","jetpack_publicize_feature_enabled":true,"jetpack_social_post_already_shared":false,"jetpack_social_options":{"image_generator_settings":{"template":"highway","default_image_id":0,"font":"","enabled":false},"version":2}},"categories":[45,3,57,1],"tags":[],"class_list":["post-8204","post","type-post","status-publish","format-standard","has-post-thumbnail","hentry","category-delincuentes-vip","category-portada","category-ratas","category-sin-categoria"],"jetpack_publicize_connections":[],"jetpack_featured_media_url":"https:\/\/formalprision.com\/wp-content\/uploads\/2011\/06\/aaaasecuesrtras.jpg","jetpack_sharing_enabled":true,"jetpack_shortlink":"https:\/\/wp.me\/p6id8p-28k","_links":{"self":[{"href":"https:\/\/formalprision.com\/index.php?rest_route=\/wp\/v2\/posts\/8204","targetHints":{"allow":["GET"]}}],"collection":[{"href":"https:\/\/formalprision.com\/index.php?rest_route=\/wp\/v2\/posts"}],"about":[{"href":"https:\/\/formalprision.com\/index.php?rest_route=\/wp\/v2\/types\/post"}],"author":[{"embeddable":true,"href":"https:\/\/formalprision.com\/index.php?rest_route=\/wp\/v2\/users\/1"}],"replies":[{"embeddable":true,"href":"https:\/\/formalprision.com\/index.php?rest_route=%2Fwp%2Fv2%2Fcomments&post=8204"}],"version-history":[{"count":0,"href":"https:\/\/formalprision.com\/index.php?rest_route=\/wp\/v2\/posts\/8204\/revisions"}],"wp:featuredmedia":[{"embeddable":true,"href":"https:\/\/formalprision.com\/index.php?rest_route=\/wp\/v2\/media\/26405"}],"wp:attachment":[{"href":"https:\/\/formalprision.com\/index.php?rest_route=%2Fwp%2Fv2%2Fmedia&parent=8204"}],"wp:term":[{"taxonomy":"category","embeddable":true,"href":"https:\/\/formalprision.com\/index.php?rest_route=%2Fwp%2Fv2%2Fcategories&post=8204"},{"taxonomy":"post_tag","embeddable":true,"href":"https:\/\/formalprision.com\/index.php?rest_route=%2Fwp%2Fv2%2Ftags&post=8204"}],"curies":[{"name":"wp","href":"https:\/\/api.w.org\/{rel}","templated":true}]}}