{"id":8215,"date":"2011-06-14T20:47:00","date_gmt":"2011-06-14T20:47:00","guid":{"rendered":"http:\/\/formalprision.info\/2011\/06\/14\/arraigan-los-detenidos-por-robo-de\/"},"modified":"2015-06-03T08:56:54","modified_gmt":"2015-06-03T08:56:54","slug":"arraigan-los-detenidos-por-robo-de","status":"publish","type":"post","link":"https:\/\/formalprision.com\/?p=8215","title":{"rendered":"Arraigan a los detenidos por robo del pepino de mar para que canten todo lo que saben"},"content":{"rendered":"<p><a href=\"http:\/\/3.bp.blogspot.com\/-Adn6p0Gb5Iw\/TffLrLuRVLI\/AAAAAAAADhg\/eFk7tdGqsmA\/s1600\/aaaaapepeinilloseis.jpg\"><img decoding=\"async\" id=\"BLOGGER_PHOTO_ID_5618183002909660338\" style=\"FLOAT: left; MARGIN: 0px 10px 10px 0px; WIDTH: 320px; CURSOR: hand; HEIGHT: 240px\" alt=\"\" src=\"http:\/\/formalprision.com\/wp-content\/uploads\/2011\/06\/aaaaapepeinilloseis.jpg\" border=\"0\" \/><\/a><\/p>\n<div>El fiscal general del estado H\u00e9ctor Cabrera Rivero inform\u00f3 que se obtuvo el arraigo de los presuntos ladrones del cargamento de pepino de mar robado en d\u00edas pasados en Progreso.<\/div>\n<div>Los seis detenidos permanecer\u00e1n 30 d\u00edas en la Casa de Arraigos de la Fiscalia en lo que la instituci\u00f3n reune pruebas para acusarlos formalmente del robo.<\/div>\n<p><\/p>\n<div>Adem\u00e1s.. en este lapso, los polic\u00edas tratar\u00e1n de \u00absacarle la sopa\u00bb para que digan d\u00f3nde est\u00e1 el resto del pepino de mar que no ha sido encontrado y para que confiesen qui\u00e9nes m\u00e1s est\u00e1n involucrados.<\/div>\n<p><\/p>\n<div>Los detenidos son; Clemente Dar\u00edo Moreno Alonzo, de 32 a\u00f1os de edad, originario de Tijuana, Baja California; Javier P\u00e9rez Corona, de 48 a\u00f1os, originario del estado de Jalisco; Pedro Arm\u00edn Carrillo Mart\u00ednez, de 40 a\u00f1os; \u00e9l empresario pesquero Pablo Sauma Mart\u00ednez, de 35 a\u00f1os; el empleado del Ayuntamiento de M\u00e9rida Oscar Aguilar Mu\u00f1oz, de 27 a\u00f1os, y Julio Quijano Ceballos, de 70 a\u00f1os.<\/div>\n","protected":false},"excerpt":{"rendered":"<p>El fiscal general del estado H\u00e9ctor Cabrera Rivero inform\u00f3 que se obtuvo el arraigo de los presuntos ladrones del cargamento de pepino de mar robado en d\u00edas pasados en Progreso.<\/p>\n","protected":false},"author":1,"featured_media":26426,"comment_status":"open","ping_status":"open","sticky":false,"template":"","format":"standard","meta":{"jetpack_post_was_ever_published":false,"_jetpack_newsletter_access":"","_jetpack_dont_email_post_to_subs":false,"_jetpack_newsletter_tier_id":0,"_jetpack_memberships_contains_paywalled_content":false,"_jetpack_memberships_contains_paid_content":false,"footnotes":"","jetpack_publicize_message":"","jetpack_publicize_feature_enabled":true,"jetpack_social_post_already_shared":false,"jetpack_social_options":{"image_generator_settings":{"template":"highway","default_image_id":0,"font":"","enabled":false},"version":2}},"categories":[45,3,1],"tags":[],"class_list":["post-8215","post","type-post","status-publish","format-standard","has-post-thumbnail","hentry","category-delincuentes-vip","category-portada","category-sin-categoria"],"jetpack_publicize_connections":[],"jetpack_featured_media_url":"https:\/\/formalprision.com\/wp-content\/uploads\/2011\/06\/aaaaapepeinilloseis.jpg","jetpack_sharing_enabled":true,"jetpack_shortlink":"https:\/\/wp.me\/p6id8p-28v","_links":{"self":[{"href":"https:\/\/formalprision.com\/index.php?rest_route=\/wp\/v2\/posts\/8215","targetHints":{"allow":["GET"]}}],"collection":[{"href":"https:\/\/formalprision.com\/index.php?rest_route=\/wp\/v2\/posts"}],"about":[{"href":"https:\/\/formalprision.com\/index.php?rest_route=\/wp\/v2\/types\/post"}],"author":[{"embeddable":true,"href":"https:\/\/formalprision.com\/index.php?rest_route=\/wp\/v2\/users\/1"}],"replies":[{"embeddable":true,"href":"https:\/\/formalprision.com\/index.php?rest_route=%2Fwp%2Fv2%2Fcomments&post=8215"}],"version-history":[{"count":0,"href":"https:\/\/formalprision.com\/index.php?rest_route=\/wp\/v2\/posts\/8215\/revisions"}],"wp:featuredmedia":[{"embeddable":true,"href":"https:\/\/formalprision.com\/index.php?rest_route=\/wp\/v2\/media\/26426"}],"wp:attachment":[{"href":"https:\/\/formalprision.com\/index.php?rest_route=%2Fwp%2Fv2%2Fmedia&parent=8215"}],"wp:term":[{"taxonomy":"category","embeddable":true,"href":"https:\/\/formalprision.com\/index.php?rest_route=%2Fwp%2Fv2%2Fcategories&post=8215"},{"taxonomy":"post_tag","embeddable":true,"href":"https:\/\/formalprision.com\/index.php?rest_route=%2Fwp%2Fv2%2Ftags&post=8215"}],"curies":[{"name":"wp","href":"https:\/\/api.w.org\/{rel}","templated":true}]}}