{"id":8227,"date":"2011-06-12T14:15:00","date_gmt":"2011-06-12T14:15:00","guid":{"rendered":"http:\/\/formalprision.info\/2011\/06\/12\/asesinan-balazos-en-tizimin-al-hermano\/"},"modified":"2015-06-03T08:56:56","modified_gmt":"2015-06-03T08:56:56","slug":"asesinan-balazos-en-tizimin-al-hermano","status":"publish","type":"post","link":"https:\/\/formalprision.com\/?p=8227","title":{"rendered":"Asesinan a balazos en Tizim\u00edn al hermano de presunto narcotraficante"},"content":{"rendered":"<p><a href=\"http:\/\/3.bp.blogspot.com\/-qYPpUrFrt4M\/TfRukjbqgSI\/AAAAAAAADfg\/JbPPkCcLnXM\/s1600\/aaaafiscalia.jpg\"><img decoding=\"async\" id=\"BLOGGER_PHOTO_ID_5617236209503469858\" style=\"FLOAT: left; MARGIN: 0px 10px 10px 0px; WIDTH: 320px; CURSOR: hand; HEIGHT: 318px\" alt=\"\" src=\"http:\/\/formalprision.com\/wp-content\/uploads\/2011\/06\/aaaafiscalia1.jpg\" border=\"0\" \/><\/a><\/p>\n<div>La Fiscal\u00eda General del Estado comenz\u00f3 las investigaciones por el asesinato en Tizim\u00edn de JOS\u00c9 RA\u00daL GARC\u00cdA CASTILLO, de 32 a\u00f1os de edad.<\/div>\n<div>El sujeto era hermano de Antonio Garc\u00e1 (a) El Huevito, presunto narcomenudista de esa ciudad.<\/div>\n<p><\/p>\n<div>El cuerpo de Jos\u00e9 Ra\u00fal fue hallado con cuatro balazos en el kil\u00f3metro 56 + 810 de la carretera Valladolid \u2013 R\u00edo Lagartos (tramo Tizim\u00edn \u2013 R\u00edo Lagartos).<br \/>El cad\u00e1ver presentaba cuatro impactos de bala, en distintas partes del cuerpo, y fue trasladado a la capital yucateca para la necropsia de ley correspondiente.<br \/>Se inform\u00f3 que el occiso contaba con varias denuncias e ingresos al penal por el delito de abigeato.<br \/>A partir del hallazgo del cuerpo, la Fiscal\u00eda General del Estado inici\u00f3 la averiguaci\u00f3n previa 1058\/15\/2011, e inici\u00f3 con las pesquisas y trabajos periciales correspondientes a este caso, para el esclarecimiento de los hechos,..<\/div>\n<p><\/p>\n<div>El asunto podr\u00eda estar relacionado con el tr\u00e1fico de drogas o bien por una venganza personal. <\/div>\n","protected":false},"excerpt":{"rendered":"<p>La Fiscal\u00eda General del Estado comenz\u00f3 las investigaciones por el asesinato en Tizim\u00edn de JOS\u00c9 RA\u00daL GARC\u00cdA CASTILLO, de 32 a\u00f1os de edad. El sujeto era hermano de Antonio Garc\u00e1<\/p>\n","protected":false},"author":1,"featured_media":26450,"comment_status":"open","ping_status":"open","sticky":false,"template":"","format":"standard","meta":{"jetpack_post_was_ever_published":false,"_jetpack_newsletter_access":"","_jetpack_dont_email_post_to_subs":false,"_jetpack_newsletter_tier_id":0,"_jetpack_memberships_contains_paywalled_content":false,"_jetpack_memberships_contains_paid_content":false,"footnotes":"","jetpack_publicize_message":"","jetpack_publicize_feature_enabled":true,"jetpack_social_post_already_shared":false,"jetpack_social_options":{"image_generator_settings":{"template":"highway","default_image_id":0,"font":"","enabled":false},"version":2}},"categories":[59,3,1],"tags":[],"class_list":["post-8227","post","type-post","status-publish","format-standard","has-post-thumbnail","hentry","category-asesinos","category-portada","category-sin-categoria"],"jetpack_publicize_connections":[],"jetpack_featured_media_url":"https:\/\/formalprision.com\/wp-content\/uploads\/2011\/06\/aaaafiscalia1.jpg","jetpack_sharing_enabled":true,"jetpack_shortlink":"https:\/\/wp.me\/p6id8p-28H","_links":{"self":[{"href":"https:\/\/formalprision.com\/index.php?rest_route=\/wp\/v2\/posts\/8227","targetHints":{"allow":["GET"]}}],"collection":[{"href":"https:\/\/formalprision.com\/index.php?rest_route=\/wp\/v2\/posts"}],"about":[{"href":"https:\/\/formalprision.com\/index.php?rest_route=\/wp\/v2\/types\/post"}],"author":[{"embeddable":true,"href":"https:\/\/formalprision.com\/index.php?rest_route=\/wp\/v2\/users\/1"}],"replies":[{"embeddable":true,"href":"https:\/\/formalprision.com\/index.php?rest_route=%2Fwp%2Fv2%2Fcomments&post=8227"}],"version-history":[{"count":0,"href":"https:\/\/formalprision.com\/index.php?rest_route=\/wp\/v2\/posts\/8227\/revisions"}],"wp:featuredmedia":[{"embeddable":true,"href":"https:\/\/formalprision.com\/index.php?rest_route=\/wp\/v2\/media\/26450"}],"wp:attachment":[{"href":"https:\/\/formalprision.com\/index.php?rest_route=%2Fwp%2Fv2%2Fmedia&parent=8227"}],"wp:term":[{"taxonomy":"category","embeddable":true,"href":"https:\/\/formalprision.com\/index.php?rest_route=%2Fwp%2Fv2%2Fcategories&post=8227"},{"taxonomy":"post_tag","embeddable":true,"href":"https:\/\/formalprision.com\/index.php?rest_route=%2Fwp%2Fv2%2Ftags&post=8227"}],"curies":[{"name":"wp","href":"https:\/\/api.w.org\/{rel}","templated":true}]}}