{"id":8233,"date":"2011-06-08T15:57:00","date_gmt":"2011-06-08T15:57:00","guid":{"rendered":"http:\/\/formalprision.info\/2011\/06\/08\/proxima-boda-del-vocero-de-la\/"},"modified":"2015-06-03T08:56:57","modified_gmt":"2015-06-03T08:56:57","slug":"proxima-boda-del-vocero-de-la","status":"publish","type":"post","link":"https:\/\/formalprision.com\/?p=8233","title":{"rendered":"Pr\u00f3xima boda del vocero de la gobernadora"},"content":{"rendered":"<p><a href=\"http:\/\/4.bp.blogspot.com\/-4bPyzcFe6aw\/Te-9-Z4JKlI\/AAAAAAAADfA\/bd4IQAWQ69o\/s1600\/aaachuchito.jpg\"><img decoding=\"async\" id=\"BLOGGER_PHOTO_ID_5615916140150205010\" style=\"FLOAT: left; MARGIN: 0px 10px 10px 0px; WIDTH: 174px; CURSOR: hand; HEIGHT: 160px\" alt=\"\" src=\"http:\/\/formalprision.com\/wp-content\/uploads\/2011\/06\/aaachuchito.jpg\" border=\"0\" \/><\/a><\/p>\n<div>\n<p><\/p>\n<div>El vocero del gobierno del Estado contraer\u00e1 matrimonio en los pr\u00f3ximos d\u00edas.<\/div>\n<p><\/p>\n<div>Seg\u00fan versiones que han llegado a la redacci\u00f3n de este portal, el vocero de la gobernadora<\/div>\n<p><\/p>\n<div>se casar\u00eda este mismo mes.<\/div>\n<div>El funcionario. seg\u00fan las fuentes, habr\u00eda comenzado a correr las invitaciones para la boda, que no ser\u00e1 ostentosa. pero si especial.<\/div>\n<p><\/p>\n<div>Hasta el momento, Jes\u00fas Rivero C. ya ha confirmado la noticia de su boda, pero, seg\u00fan sus allegados, comenta poco porque se trata de una situaci\u00f3n estrictamente personal.<\/div>\n<p><\/p>\n<div>Las versiones indican que la boda ser\u00e1 el pr\u00f3ximo 25 de este mes y no ser\u00eda extra\u00f1o que la madrina fuese la propia gobernadora.<\/div>\n<p><\/p>\n<div>El nombre de la novia no se ha dado a conocer. aunque se nos dice que ya la tiene y lo m\u00e1s importante, ya la convenci\u00f3.<\/div>\n<div><\/div>\n<\/div>\n","protected":false},"excerpt":{"rendered":"<p>El vocero del gobierno del Estado contraer\u00e1 matrimonio en los pr\u00f3ximos d\u00edas. Seg\u00fan versiones que han llegado a la redacci\u00f3n de este portal, el vocero de la gobernadora se casar\u00eda<\/p>\n","protected":false},"author":1,"featured_media":26462,"comment_status":"open","ping_status":"open","sticky":false,"template":"","format":"standard","meta":{"jetpack_post_was_ever_published":false,"_jetpack_newsletter_access":"","_jetpack_dont_email_post_to_subs":false,"_jetpack_newsletter_tier_id":0,"_jetpack_memberships_contains_paywalled_content":false,"_jetpack_memberships_contains_paid_content":false,"footnotes":"","jetpack_publicize_message":"","jetpack_publicize_feature_enabled":true,"jetpack_social_post_already_shared":false,"jetpack_social_options":{"image_generator_settings":{"template":"highway","default_image_id":0,"font":"","enabled":false},"version":2}},"categories":[50,3,1,49],"tags":[],"class_list":["post-8233","post","type-post","status-publish","format-standard","has-post-thumbnail","hentry","category-machines","category-portada","category-sin-categoria","category-tocho-morocho"],"jetpack_publicize_connections":[],"jetpack_featured_media_url":"https:\/\/formalprision.com\/wp-content\/uploads\/2011\/06\/aaachuchito.jpg","jetpack_sharing_enabled":true,"jetpack_shortlink":"https:\/\/wp.me\/p6id8p-28N","_links":{"self":[{"href":"https:\/\/formalprision.com\/index.php?rest_route=\/wp\/v2\/posts\/8233","targetHints":{"allow":["GET"]}}],"collection":[{"href":"https:\/\/formalprision.com\/index.php?rest_route=\/wp\/v2\/posts"}],"about":[{"href":"https:\/\/formalprision.com\/index.php?rest_route=\/wp\/v2\/types\/post"}],"author":[{"embeddable":true,"href":"https:\/\/formalprision.com\/index.php?rest_route=\/wp\/v2\/users\/1"}],"replies":[{"embeddable":true,"href":"https:\/\/formalprision.com\/index.php?rest_route=%2Fwp%2Fv2%2Fcomments&post=8233"}],"version-history":[{"count":0,"href":"https:\/\/formalprision.com\/index.php?rest_route=\/wp\/v2\/posts\/8233\/revisions"}],"wp:featuredmedia":[{"embeddable":true,"href":"https:\/\/formalprision.com\/index.php?rest_route=\/wp\/v2\/media\/26462"}],"wp:attachment":[{"href":"https:\/\/formalprision.com\/index.php?rest_route=%2Fwp%2Fv2%2Fmedia&parent=8233"}],"wp:term":[{"taxonomy":"category","embeddable":true,"href":"https:\/\/formalprision.com\/index.php?rest_route=%2Fwp%2Fv2%2Fcategories&post=8233"},{"taxonomy":"post_tag","embeddable":true,"href":"https:\/\/formalprision.com\/index.php?rest_route=%2Fwp%2Fv2%2Ftags&post=8233"}],"curies":[{"name":"wp","href":"https:\/\/api.w.org\/{rel}","templated":true}]}}