{"id":8247,"date":"2011-06-03T19:47:00","date_gmt":"2011-06-03T19:47:00","guid":{"rendered":"http:\/\/formalprision.info\/2011\/06\/03\/el-asaltante-de-dunosusa-con-largo\/"},"modified":"2015-06-03T08:57:00","modified_gmt":"2015-06-03T08:57:00","slug":"el-asaltante-de-dunosusa-con-largo","status":"publish","type":"post","link":"https:\/\/formalprision.com\/?p=8247","title":{"rendered":"El asaltante de Dunosusa con largo historial delictivo"},"content":{"rendered":"<p><a href=\"http:\/\/3.bp.blogspot.com\/-iMyvWMaAPj0\/TelvbiSFoMI\/AAAAAAAADdI\/jO0HnSWy0bk\/s1600\/aaasaltante.jpg\"><img decoding=\"async\" id=\"BLOGGER_PHOTO_ID_5614140929343856834\" style=\"FLOAT: left; MARGIN: 0px 10px 10px 0px; WIDTH: 320px; CURSOR: hand; HEIGHT: 213px\" alt=\"\" src=\"http:\/\/formalprision.com\/wp-content\/uploads\/2011\/06\/aaasaltante.jpg\" border=\"0\" \/><\/a><\/p>\n<div>\n<p><\/p>\n<div>La SSP confirm\u00f3 que el veracruzano asaltante del Dunosusa hab\u00eda tomado como rehenes a tres empleados del comercio que asalt\u00f3.<br \/>Con no menos de cinco atracos cometidos en M\u00e9rida, y recluido por robo calificado de abril de 2006 a abril de 2010, Juan Francisco Esquivel Hern\u00e1ndez, de 39 a\u00f1os de edad, oriundo de Veracruz, vio interrumpida su carrera delictiva anoche, cuando entr\u00f3 para robar a una tienda de la cadena Dunosusa, ubicada en la Avenida Alem\u00e1n por 18 de la colonia San Miguel, al norte de la ciudad.<br \/>El reporte de una persona que se percat\u00f3 del suceso y llam\u00f3 a la Polic\u00eda Estatal, fue atendido de inmediato, lo que permiti\u00f3 la captura del sujeto en el interior del establecimiento, as\u00ed como la puesta a salvo de los tres trabajadores a los que manten\u00eda amarrados y bajo la amenaza de dispararles con el rev\u00f3lver calibre .38 que portaba.<br \/>El asaltante ya hab\u00eda colocado en un costal de rafia el bot\u00edn consistente en 44 mil 429 pesos en efectivo y tarjetas de prepago para celular por un total de 2 mil 760 pesos,<br \/>La Secretar\u00eda de Seguridad P\u00fablica confirm\u00f3, con base en sus reportes de Inteligencia Policial, que Esquivel Hern\u00e1ndez ya hab\u00eda cometido otros asaltos en M\u00e9rida a los siguientes negocios:<br \/>Farmacia Yza en el fraccionamiento Del Parque; una licorer\u00eda en el fraccionamiento Mulsay; farmacia Similares en la colonia Sambul\u00e1; Dunosusa en la colonia Petronila; y Maxicarnes en el fraccionamiento Yucalpet\u00e9n, perpetrados entre abril y mayo de este a\u00f1o. <\/div>\n<\/div>\n","protected":false},"excerpt":{"rendered":"<p>La SSP confirm\u00f3 que el veracruzano asaltante del Dunosusa hab\u00eda tomado como rehenes a tres empleados del comercio que asalt\u00f3.Con no menos de cinco atracos cometidos en M\u00e9rida, y recluido<\/p>\n","protected":false},"author":1,"featured_media":26488,"comment_status":"open","ping_status":"open","sticky":false,"template":"","format":"standard","meta":{"jetpack_post_was_ever_published":false,"_jetpack_newsletter_access":"","_jetpack_dont_email_post_to_subs":false,"_jetpack_newsletter_tier_id":0,"_jetpack_memberships_contains_paywalled_content":false,"_jetpack_memberships_contains_paid_content":false,"footnotes":"","jetpack_publicize_message":"","jetpack_publicize_feature_enabled":true,"jetpack_social_post_already_shared":false,"jetpack_social_options":{"image_generator_settings":{"template":"highway","default_image_id":0,"font":"","enabled":false},"version":2}},"categories":[3,57,1],"tags":[],"class_list":["post-8247","post","type-post","status-publish","format-standard","has-post-thumbnail","hentry","category-portada","category-ratas","category-sin-categoria"],"jetpack_publicize_connections":[],"jetpack_featured_media_url":"https:\/\/formalprision.com\/wp-content\/uploads\/2011\/06\/aaasaltante.jpg","jetpack_sharing_enabled":true,"jetpack_shortlink":"https:\/\/wp.me\/p6id8p-291","_links":{"self":[{"href":"https:\/\/formalprision.com\/index.php?rest_route=\/wp\/v2\/posts\/8247","targetHints":{"allow":["GET"]}}],"collection":[{"href":"https:\/\/formalprision.com\/index.php?rest_route=\/wp\/v2\/posts"}],"about":[{"href":"https:\/\/formalprision.com\/index.php?rest_route=\/wp\/v2\/types\/post"}],"author":[{"embeddable":true,"href":"https:\/\/formalprision.com\/index.php?rest_route=\/wp\/v2\/users\/1"}],"replies":[{"embeddable":true,"href":"https:\/\/formalprision.com\/index.php?rest_route=%2Fwp%2Fv2%2Fcomments&post=8247"}],"version-history":[{"count":0,"href":"https:\/\/formalprision.com\/index.php?rest_route=\/wp\/v2\/posts\/8247\/revisions"}],"wp:featuredmedia":[{"embeddable":true,"href":"https:\/\/formalprision.com\/index.php?rest_route=\/wp\/v2\/media\/26488"}],"wp:attachment":[{"href":"https:\/\/formalprision.com\/index.php?rest_route=%2Fwp%2Fv2%2Fmedia&parent=8247"}],"wp:term":[{"taxonomy":"category","embeddable":true,"href":"https:\/\/formalprision.com\/index.php?rest_route=%2Fwp%2Fv2%2Fcategories&post=8247"},{"taxonomy":"post_tag","embeddable":true,"href":"https:\/\/formalprision.com\/index.php?rest_route=%2Fwp%2Fv2%2Ftags&post=8247"}],"curies":[{"name":"wp","href":"https:\/\/api.w.org\/{rel}","templated":true}]}}