{"id":8249,"date":"2011-06-03T15:30:00","date_gmt":"2011-06-03T15:30:00","guid":{"rendered":"http:\/\/formalprision.info\/2011\/06\/03\/detenido-por-rayarle-la-cara-con-un\/"},"modified":"2015-06-03T08:57:00","modified_gmt":"2015-06-03T08:57:00","slug":"detenido-por-rayarle-la-cara-con-un","status":"publish","type":"post","link":"https:\/\/formalprision.com\/?p=8249","title":{"rendered":"Detenido por rayarle la cara con un cuchillo a su vecino"},"content":{"rendered":"<p><a href=\"http:\/\/3.bp.blogspot.com\/-Vopxianqueo\/Tehsv9e5KlI\/AAAAAAAADcs\/32KKQWKn8NQ\/s1600\/aaaalahijadebruno.JPG\"><img decoding=\"async\" id=\"BLOGGER_PHOTO_ID_5613856506731113042\" style=\"FLOAT: left; MARGIN: 0px 10px 10px 0px; WIDTH: 198px; CURSOR: hand; HEIGHT: 320px\" alt=\"\" src=\"http:\/\/formalprision.com\/wp-content\/uploads\/2011\/06\/aaaalahijadebruno.jpg\" border=\"0\" \/><\/a><\/p>\n<div>Miguel Rodrigo Heredia Sol\u00eds fue detenido en la colonia \u00c1vila Camacho por agentes de la Polic\u00eda Ministerial por rayarle la cara a una persona con un cuchillo.<\/div>\n<div>La querella fue interpuesta por Jos\u00e9 Antonio Cob Chiquil, quien manifest\u00f3 que el d\u00eda 22 de julio fue agredido por el sujeto cuando este \u00faltimo se present\u00f3 a su domicilio de la calle 88 entre 177 y 179 de la colonia San Antonio Xluch III.<br \/>El afectado narr\u00f3 que, eran alrededor de las 21:00 horas, cuando Heredia Sol\u00eds arrib\u00f3 al inmueble y, aprovechando que el denunciante se encontraba en el porche de su casa, se le aproxim\u00f3 y lo lesion\u00f3 en la cara con una navaja.<br \/>Para amedrentar a su agresor, el agraviado tom\u00f3 un machete, pero el inculpado trat\u00f3 de lesionarlo nuevamente con una piedra, hasta que un familiar del agredido intervino y el sujeto se retir\u00f3 del lugar. La agresi\u00f3n fue denunciada ante las autoridades ministeriales, por lo que luego de concederse la orden de aprehensi\u00f3n en contra de Heredia Sol\u00eds, el sujeto fue detenido y remitido a disposici\u00f3n del juez que lleva el caso para el proceso legal correspondiente. <\/div>\n","protected":false},"excerpt":{"rendered":"<p>Miguel Rodrigo Heredia Sol\u00eds fue detenido en la colonia \u00c1vila Camacho por agentes de la Polic\u00eda Ministerial por rayarle la cara a una persona con un cuchillo. La querella fue<\/p>\n","protected":false},"author":1,"featured_media":26492,"comment_status":"open","ping_status":"open","sticky":false,"template":"","format":"standard","meta":{"jetpack_post_was_ever_published":false,"_jetpack_newsletter_access":"","_jetpack_dont_email_post_to_subs":false,"_jetpack_newsletter_tier_id":0,"_jetpack_memberships_contains_paywalled_content":false,"_jetpack_memberships_contains_paid_content":false,"footnotes":"","jetpack_publicize_message":"","jetpack_publicize_feature_enabled":true,"jetpack_social_post_already_shared":false,"jetpack_social_options":{"image_generator_settings":{"template":"highway","default_image_id":0,"font":"","enabled":false},"version":2}},"categories":[3,1,53],"tags":[],"class_list":["post-8249","post","type-post","status-publish","format-standard","has-post-thumbnail","hentry","category-portada","category-sin-categoria","category-yo-no-fui"],"jetpack_publicize_connections":[],"jetpack_featured_media_url":"https:\/\/formalprision.com\/wp-content\/uploads\/2011\/06\/aaaalahijadebruno.jpg","jetpack_sharing_enabled":true,"jetpack_shortlink":"https:\/\/wp.me\/p6id8p-293","_links":{"self":[{"href":"https:\/\/formalprision.com\/index.php?rest_route=\/wp\/v2\/posts\/8249","targetHints":{"allow":["GET"]}}],"collection":[{"href":"https:\/\/formalprision.com\/index.php?rest_route=\/wp\/v2\/posts"}],"about":[{"href":"https:\/\/formalprision.com\/index.php?rest_route=\/wp\/v2\/types\/post"}],"author":[{"embeddable":true,"href":"https:\/\/formalprision.com\/index.php?rest_route=\/wp\/v2\/users\/1"}],"replies":[{"embeddable":true,"href":"https:\/\/formalprision.com\/index.php?rest_route=%2Fwp%2Fv2%2Fcomments&post=8249"}],"version-history":[{"count":0,"href":"https:\/\/formalprision.com\/index.php?rest_route=\/wp\/v2\/posts\/8249\/revisions"}],"wp:featuredmedia":[{"embeddable":true,"href":"https:\/\/formalprision.com\/index.php?rest_route=\/wp\/v2\/media\/26492"}],"wp:attachment":[{"href":"https:\/\/formalprision.com\/index.php?rest_route=%2Fwp%2Fv2%2Fmedia&parent=8249"}],"wp:term":[{"taxonomy":"category","embeddable":true,"href":"https:\/\/formalprision.com\/index.php?rest_route=%2Fwp%2Fv2%2Fcategories&post=8249"},{"taxonomy":"post_tag","embeddable":true,"href":"https:\/\/formalprision.com\/index.php?rest_route=%2Fwp%2Fv2%2Ftags&post=8249"}],"curies":[{"name":"wp","href":"https:\/\/api.w.org\/{rel}","templated":true}]}}