{"id":82683,"date":"2020-12-16T03:13:59","date_gmt":"2020-12-16T08:13:59","guid":{"rendered":"http:\/\/formalprision.com\/?p=82683"},"modified":"2020-12-17T11:13:10","modified_gmt":"2020-12-17T16:13:10","slug":"roban-mercancia-y-les-hallan-credenciales-de-elector-ajenas-y-dinero-de-dudosa-procedencia","status":"publish","type":"post","link":"https:\/\/formalprision.com\/?p=82683","title":{"rendered":"Roban mercanc\u00eda y les hallan credenciales de elector ajenas y dinero de dudosa procedencia"},"content":{"rendered":"\n<p>Como resultado de un dispositivo de seguridad implementado por agentes de la Polic\u00eda de M\u00e9rida, este martes fueron detenidos, Elia Dalila S..M.\u00a0 y\u00a0 el menor G.V.P.S..<\/p>\n\n\n\n<p>A las 16:50 horas, los agentes policiales recibieron el reporte de un robo en el interior del pasaje Emilio Seijo, proporcionando las caracter\u00edsticas de las dos personas.<\/p>\n\n\n\n<p>Con la informaci\u00f3n proporcionada se realiz\u00f3 un dispositivo de b\u00fasqueda por el \u00e1rea, siendo localizados Elia Dalila\u00a0 y\u00a0 el menor en la calle 63 por 64.<\/p>\n\n\n\n<p>Se les encontr\u00f3 varias credenciales de elector, que no correspond\u00eda a ning\u00fan de ellos, as\u00ed como dinero en efectivo, cuya procedencia l\u00edcita no pudieron acreditar.<\/p>\n\n\n\n<p>Elia Dalila S..M.\u00a0 y\u00a0 G.V.P.S. fueron trasladados a la C\u00e1rcel Municipal y puestos a disposici\u00f3n de los Jueces Calificadores para los fines pertinentes<\/p>\n","protected":false},"excerpt":{"rendered":"<p>Como resultado de un dispositivo de seguridad implementado por agentes de la Polic\u00eda de M\u00e9rida, este martes fueron detenidos, Elia Dalila S..M.\u00a0 y\u00a0 el menor G.V.P.S.. A las 16:50 horas,<\/p>\n","protected":false},"author":1,"featured_media":82684,"comment_status":"open","ping_status":"open","sticky":false,"template":"","format":"standard","meta":{"jetpack_post_was_ever_published":false,"_jetpack_newsletter_access":"","_jetpack_dont_email_post_to_subs":false,"_jetpack_newsletter_tier_id":0,"_jetpack_memberships_contains_paywalled_content":false,"_jetpack_memberships_contains_paid_content":false,"footnotes":"","jetpack_publicize_message":"Una mujer y un menor robaron en el Pasaje Emilio Seijo, en el Centro de M\u00e9rida,  pero los capturaron al huir con el bot\u00edn y otras pertenencias cuyo origen no pudieron explicar","jetpack_publicize_feature_enabled":true,"jetpack_social_post_already_shared":true,"jetpack_social_options":{"image_generator_settings":{"template":"highway","default_image_id":0,"font":"","enabled":false},"version":2}},"categories":[54],"tags":[],"class_list":["post-82683","post","type-post","status-publish","format-standard","has-post-thumbnail","hentry","category-yucatan"],"jetpack_publicize_connections":[],"jetpack_featured_media_url":"https:\/\/formalprision.com\/wp-content\/uploads\/2020\/12\/IMG-20201215-WA0032.jpg","jetpack_sharing_enabled":true,"jetpack_shortlink":"https:\/\/wp.me\/p6id8p-lvB","_links":{"self":[{"href":"https:\/\/formalprision.com\/index.php?rest_route=\/wp\/v2\/posts\/82683","targetHints":{"allow":["GET"]}}],"collection":[{"href":"https:\/\/formalprision.com\/index.php?rest_route=\/wp\/v2\/posts"}],"about":[{"href":"https:\/\/formalprision.com\/index.php?rest_route=\/wp\/v2\/types\/post"}],"author":[{"embeddable":true,"href":"https:\/\/formalprision.com\/index.php?rest_route=\/wp\/v2\/users\/1"}],"replies":[{"embeddable":true,"href":"https:\/\/formalprision.com\/index.php?rest_route=%2Fwp%2Fv2%2Fcomments&post=82683"}],"version-history":[{"count":0,"href":"https:\/\/formalprision.com\/index.php?rest_route=\/wp\/v2\/posts\/82683\/revisions"}],"wp:featuredmedia":[{"embeddable":true,"href":"https:\/\/formalprision.com\/index.php?rest_route=\/wp\/v2\/media\/82684"}],"wp:attachment":[{"href":"https:\/\/formalprision.com\/index.php?rest_route=%2Fwp%2Fv2%2Fmedia&parent=82683"}],"wp:term":[{"taxonomy":"category","embeddable":true,"href":"https:\/\/formalprision.com\/index.php?rest_route=%2Fwp%2Fv2%2Fcategories&post=82683"},{"taxonomy":"post_tag","embeddable":true,"href":"https:\/\/formalprision.com\/index.php?rest_route=%2Fwp%2Fv2%2Ftags&post=82683"}],"curies":[{"name":"wp","href":"https:\/\/api.w.org\/{rel}","templated":true}]}}