{"id":82900,"date":"2020-12-23T13:54:40","date_gmt":"2020-12-23T18:54:40","guid":{"rendered":"http:\/\/formalprision.com\/?p=82900"},"modified":"2020-12-24T01:56:05","modified_gmt":"2020-12-24T06:56:05","slug":"trife-modifica-lineamientos-para-reeleccion-legislativa-emitidos-por-el-ine","status":"publish","type":"post","link":"https:\/\/formalprision.com\/?p=82900","title":{"rendered":"Trife modifica lineamientos para reelecci\u00f3n legislativa emitidos por el INE"},"content":{"rendered":"\n<p>Por mayor\u00eda de votos, la Sala Superior del Tribunal Electoral del Poder Judicial de la Federaci\u00f3n (TEPJF), modific\u00f3 el acuerdo INE\/CG635\/2020 del 7 de diciembre, por el que el Consejo General del Instituto Nacional Electoral (INE) emiti\u00f3 los lineamientos en torno a la reelecci\u00f3n de diputaciones por los principios de Mayor\u00eda Relativa y de Representaci\u00f3n Proporcional para el proceso electoral federal 2020-2021.<\/p>\n\n\n\n<p>En sesi\u00f3n p\u00fablica no presencial, bajo el formato de videoconferencia, la Sala Superior modific\u00f3 la fecha para que las y los legisladores presenten el aviso de intenci\u00f3n para reelegirse, planteado inicialmente para ma\u00f1ana mi\u00e9rcoles 23 de diciembre, y que ahora ser\u00e1 el primer d\u00eda h\u00e1bil de 2021. Esto, dada la premura para emitir el aviso y no restringir o limitar el ejercicio de su derecho para optar por la elecci\u00f3n consecutiva, al obligarlos a presentar el aviso con muy poco tiempo de anticipaci\u00f3n a la publicaci\u00f3n de los lineamientos en el Diario Oficial de la Federaci\u00f3n.<\/p>\n\n\n\n<p>La Sala Superior tambi\u00e9n dej\u00f3 sin efectos lo contenido en el art\u00edculo 4, p\u00e1rrafo cuarto, incisos a), segundo y tercer p\u00e1rrafo, b) y c), segundo p\u00e1rrafo que refer\u00eda que en la carta de intenci\u00f3n las y los legisladores deb\u00edan presentar una relaci\u00f3n de los m\u00f3dulos de atenci\u00f3n ciudadana u otras oficinas de gesti\u00f3n con que cuenten, con domicilios, tel\u00e9fonos, cuentas de correo electr\u00f3nico, as\u00ed como los servicios que en las mismas proporcionan de manera permanente.<\/p>\n\n\n\n<p>La disposici\u00f3n permit\u00eda al INE solicitar al Grupo Parlamentario copia de la normatividad sobre c\u00f3mo se hacen las asignaciones y las subvenciones, as\u00ed como la relaci\u00f3n de asignaciones realizadas a las y los legisladores. Pod\u00eda solicitar al \u00f3rgano competente del Congreso la relaci\u00f3n de m\u00f3dulos y oficinas de gesti\u00f3n, as\u00ed como, en su caso, los recursos y subvenciones asignados para su operaci\u00f3n, con el fin de tener un medio de verificaci\u00f3n y cotejo de la informaci\u00f3n desde la manifestaci\u00f3n de intenci\u00f3n; incluso el m\u00f3dulo u oficina de gesti\u00f3n pod\u00eda ser clausurado o suspendido.<\/p>\n\n\n\n<p>Al respecto, la Sala Superior consider\u00f3 que ello interfer\u00eda directamente con el funcionamiento de la C\u00e1mara de Diputados, a la cual le asiste la facultad soberana de regular los actos concernientes a su organizaci\u00f3n interna y actuaci\u00f3n de sus integrantes, y que el Consejo General excedi\u00f3 su facultad reglamentaria, con una medida intrusiva que no encuentra fundamento ni razonabilidad.<\/p>\n\n\n\n<p>El resto de los agravios, relativos a que el Consejo General del INE se extralimit\u00f3 en el ejercicio de sus funciones y que ejerci\u00f3 facultades destinadas al Congreso de la Uni\u00f3n; la obligaci\u00f3n a reelegirse por el mismo distrito y partido que inicialmente los postul\u00f3, adem\u00e1s de que los lineamientos se emitieron transgrediendo el plazo de 90 d\u00edas antes de iniciado el proceso electoral, se consideraron infundados.<\/p>\n","protected":false},"excerpt":{"rendered":"<p>Por mayor\u00eda de votos, la Sala Superior del Tribunal Electoral del Poder Judicial de la Federaci\u00f3n (TEPJF), modific\u00f3 el acuerdo INE\/CG635\/2020 del 7 de diciembre, por el que el Consejo<\/p>\n","protected":false},"author":2,"featured_media":82902,"comment_status":"open","ping_status":"open","sticky":false,"template":"","format":"standard","meta":{"jetpack_post_was_ever_published":false,"_jetpack_newsletter_access":"","_jetpack_dont_email_post_to_subs":false,"_jetpack_newsletter_tier_id":0,"_jetpack_memberships_contains_paywalled_content":false,"_jetpack_memberships_contains_paid_content":false,"footnotes":"","jetpack_publicize_message":"El Tribunal resuelve mover la fecha para el aviso de intenci\u00f3n de reelegirse que deben cumplir los legisladores federales.","jetpack_publicize_feature_enabled":true,"jetpack_social_post_already_shared":true,"jetpack_social_options":{"image_generator_settings":{"template":"highway","default_image_id":0,"font":"","enabled":false},"version":2}},"categories":[21,1589],"tags":[],"class_list":["post-82900","post","type-post","status-publish","format-standard","has-post-thumbnail","hentry","category-nacionales","category-rotador-inferior"],"jetpack_publicize_connections":[],"jetpack_featured_media_url":"https:\/\/formalprision.com\/wp-content\/uploads\/2020\/12\/Sesion-Publica_Sala-Superior-TEPJF_221220.jpg","jetpack_sharing_enabled":true,"jetpack_shortlink":"https:\/\/wp.me\/p6id8p-lz6","_links":{"self":[{"href":"https:\/\/formalprision.com\/index.php?rest_route=\/wp\/v2\/posts\/82900","targetHints":{"allow":["GET"]}}],"collection":[{"href":"https:\/\/formalprision.com\/index.php?rest_route=\/wp\/v2\/posts"}],"about":[{"href":"https:\/\/formalprision.com\/index.php?rest_route=\/wp\/v2\/types\/post"}],"author":[{"embeddable":true,"href":"https:\/\/formalprision.com\/index.php?rest_route=\/wp\/v2\/users\/2"}],"replies":[{"embeddable":true,"href":"https:\/\/formalprision.com\/index.php?rest_route=%2Fwp%2Fv2%2Fcomments&post=82900"}],"version-history":[{"count":0,"href":"https:\/\/formalprision.com\/index.php?rest_route=\/wp\/v2\/posts\/82900\/revisions"}],"wp:featuredmedia":[{"embeddable":true,"href":"https:\/\/formalprision.com\/index.php?rest_route=\/wp\/v2\/media\/82902"}],"wp:attachment":[{"href":"https:\/\/formalprision.com\/index.php?rest_route=%2Fwp%2Fv2%2Fmedia&parent=82900"}],"wp:term":[{"taxonomy":"category","embeddable":true,"href":"https:\/\/formalprision.com\/index.php?rest_route=%2Fwp%2Fv2%2Fcategories&post=82900"},{"taxonomy":"post_tag","embeddable":true,"href":"https:\/\/formalprision.com\/index.php?rest_route=%2Fwp%2Fv2%2Ftags&post=82900"}],"curies":[{"name":"wp","href":"https:\/\/api.w.org\/{rel}","templated":true}]}}