{"id":8295,"date":"2011-05-19T18:39:00","date_gmt":"2011-05-19T18:39:00","guid":{"rendered":"http:\/\/formalprision.info\/2011\/05\/19\/detenido-por-robar-un-celular-en-e\/"},"modified":"2015-06-03T08:57:11","modified_gmt":"2015-06-03T08:57:11","slug":"detenido-por-robar-un-celular-en-e","status":"publish","type":"post","link":"https:\/\/formalprision.com\/?p=8295","title":{"rendered":"Detenido por robar un celular en el Lucas de G\u00e1lvez"},"content":{"rendered":"<p><a href=\"http:\/\/3.bp.blogspot.com\/-Qam3l5MA_is\/TdTJ7JikPXI\/AAAAAAAADWg\/u_FGJUzJtfI\/s1600\/aaatamayazo.JPG\"><img decoding=\"async\" id=\"BLOGGER_PHOTO_ID_5608329453993475442\" style=\"FLOAT: left; MARGIN: 0px 10px 10px 0px; WIDTH: 320px; CURSOR: hand; HEIGHT: 240px\" alt=\"\" src=\"http:\/\/formalprision.com\/wp-content\/uploads\/2011\/05\/aaatamayazo.jpg\" border=\"0\" \/><\/a><\/p>\n<div>Elementos de la Polic\u00eda Municipal de M\u00e9rida detuvieron a Alejandro Tamay Sierra porque se rob\u00f3 un celular en el Lucas de G\u00e1lvez.<\/div>\n<div>Los hechos acontecieron cuando ,los polisvigilaban el \u201cLucas de G\u00e1lvez\u201d y se les acerc\u00f3 Teresa Guadalupe Espinosa Berresa, quien inform\u00f3 que momentos antes, al encontrarse en el \u00e1rea de carretilleros, se le acerc\u00f3 el sujeto y le sustrajo su celular que ten\u00eda en el interior de su bolso. <\/div>\n<p><\/p>\n<div>Con las caracter\u00edsticas proporcionadas se realiz\u00f3 un operativo de b\u00fasqueda, localizando a Tamay Sierra en el interior de Pasaje Alameda -56 entre 69 y 67-, siendo identificado por la afectada, como la persona que le rob\u00f3 su celular.<\/div>\n<p><\/p>\n<div>El detenido, quien se encontraba en estado normal, fue trasladado a la C\u00e1rcel Municipal para su posterior remisi\u00f3n al Ministerio P\u00fablico, lugar al que Espinosa Berresa dijo acudir a denunciar los hechos.<\/div>\n","protected":false},"excerpt":{"rendered":"<p>Elementos de la Polic\u00eda Municipal de M\u00e9rida detuvieron a Alejandro Tamay Sierra porque se rob\u00f3 un celular en el Lucas de G\u00e1lvez. Los hechos acontecieron cuando ,los polisvigilaban el \u201cLucas<\/p>\n","protected":false},"author":1,"featured_media":26583,"comment_status":"open","ping_status":"open","sticky":false,"template":"","format":"standard","meta":{"jetpack_post_was_ever_published":false,"_jetpack_newsletter_access":"","_jetpack_dont_email_post_to_subs":false,"_jetpack_newsletter_tier_id":0,"_jetpack_memberships_contains_paywalled_content":false,"_jetpack_memberships_contains_paid_content":false,"footnotes":"","jetpack_publicize_message":"","jetpack_publicize_feature_enabled":true,"jetpack_social_post_already_shared":false,"jetpack_social_options":{"image_generator_settings":{"template":"highway","default_image_id":0,"font":"","enabled":false},"version":2}},"categories":[3,57,1],"tags":[],"class_list":["post-8295","post","type-post","status-publish","format-standard","has-post-thumbnail","hentry","category-portada","category-ratas","category-sin-categoria"],"jetpack_publicize_connections":[],"jetpack_featured_media_url":"https:\/\/formalprision.com\/wp-content\/uploads\/2011\/05\/aaatamayazo.jpg","jetpack_sharing_enabled":true,"jetpack_shortlink":"https:\/\/wp.me\/p6id8p-29N","_links":{"self":[{"href":"https:\/\/formalprision.com\/index.php?rest_route=\/wp\/v2\/posts\/8295","targetHints":{"allow":["GET"]}}],"collection":[{"href":"https:\/\/formalprision.com\/index.php?rest_route=\/wp\/v2\/posts"}],"about":[{"href":"https:\/\/formalprision.com\/index.php?rest_route=\/wp\/v2\/types\/post"}],"author":[{"embeddable":true,"href":"https:\/\/formalprision.com\/index.php?rest_route=\/wp\/v2\/users\/1"}],"replies":[{"embeddable":true,"href":"https:\/\/formalprision.com\/index.php?rest_route=%2Fwp%2Fv2%2Fcomments&post=8295"}],"version-history":[{"count":0,"href":"https:\/\/formalprision.com\/index.php?rest_route=\/wp\/v2\/posts\/8295\/revisions"}],"wp:featuredmedia":[{"embeddable":true,"href":"https:\/\/formalprision.com\/index.php?rest_route=\/wp\/v2\/media\/26583"}],"wp:attachment":[{"href":"https:\/\/formalprision.com\/index.php?rest_route=%2Fwp%2Fv2%2Fmedia&parent=8295"}],"wp:term":[{"taxonomy":"category","embeddable":true,"href":"https:\/\/formalprision.com\/index.php?rest_route=%2Fwp%2Fv2%2Fcategories&post=8295"},{"taxonomy":"post_tag","embeddable":true,"href":"https:\/\/formalprision.com\/index.php?rest_route=%2Fwp%2Fv2%2Ftags&post=8295"}],"curies":[{"name":"wp","href":"https:\/\/api.w.org\/{rel}","templated":true}]}}