{"id":8300,"date":"2011-05-19T00:17:00","date_gmt":"2011-05-19T00:17:00","guid":{"rendered":"http:\/\/formalprision.info\/2011\/05\/19\/estudiante-de-la-uady-atropellada-en-la\/"},"modified":"2015-06-03T08:57:11","modified_gmt":"2015-06-03T08:57:11","slug":"estudiante-de-la-uady-atropellada-en-la","status":"publish","type":"post","link":"https:\/\/formalprision.com\/?p=8300","title":{"rendered":"Estudiante de la Uady atropellada en la D\u00edaz Ordaz"},"content":{"rendered":"<p><a href=\"http:\/\/3.bp.blogspot.com\/-ID1BeOozkPE\/TdRIAC-QHwI\/AAAAAAAADWQ\/Aas9uJchgK8\/s1600\/aaaatropellada.jpg\"><img decoding=\"async\" id=\"BLOGGER_PHOTO_ID_5608186601618284290\" style=\"FLOAT: left; MARGIN: 0px 10px 10px 0px; WIDTH: 320px; CURSOR: hand; HEIGHT: 235px\" alt=\"\" src=\"http:\/\/formalprision.com\/wp-content\/uploads\/2011\/05\/aaaatropellada.jpg\" border=\"0\" \/><\/a><\/p>\n<div>Una estudiante de la Uady result\u00f3 lesionada esta ma\u00f1ana al ser atropellada por un cami\u00f3n del transporte p\u00fablico.<\/div>\n<div>Claudia Lara M\u00e9ndez fue llevada al hospital OHor\u00e1n.<\/div>\n<p><\/p>\n<div>El accidente ocurri\u00f3 en la Avenida Yucat\u00e1n y la D\u00edaz Bolio de la colonia D\u00edaz Ordaz, cerca de Plaza Fiesta.<\/div>\n<p><\/p>\n<div>La joven fue atropellada por un cami\u00f3n de la ruta Circuito Poniente, cuyo chofer se dio a la fuga.<\/div>\n<p><\/p>\n<div>Param\u00e9dicos de la Secretar\u00eda de Seguridad P\u00fablica del Estado atendieron a la joven.<\/div>\n<p><\/p>\n<div>La fotograf\u00eda es del periodista Angel Noh, a trav\u00e9s de Twitter.<\/div>\n<p><a class=\"addthis_button\" title=\"Cami\u00f3n atropella a estudiante en la D\u00edaz Ordaz\" href=\"http:\/\/addthis.com\/bookmark.php?v=250\" url=\"http:\/\/www.reporteroshoy.mx\/wp\/camion-atropella-a-estudiante-en-la-diaz-ordaz.html\"><\/a><\/p>\n","protected":false},"excerpt":{"rendered":"<p>Una estudiante de la Uady result\u00f3 lesionada esta ma\u00f1ana al ser atropellada por un cami\u00f3n del transporte p\u00fablico. Claudia Lara M\u00e9ndez fue llevada al hospital OHor\u00e1n. El accidente ocurri\u00f3 en<\/p>\n","protected":false},"author":1,"featured_media":26591,"comment_status":"open","ping_status":"open","sticky":false,"template":"","format":"standard","meta":{"jetpack_post_was_ever_published":false,"_jetpack_newsletter_access":"","_jetpack_dont_email_post_to_subs":false,"_jetpack_newsletter_tier_id":0,"_jetpack_memberships_contains_paywalled_content":false,"_jetpack_memberships_contains_paid_content":false,"footnotes":"","jetpack_publicize_message":"","jetpack_publicize_feature_enabled":true,"jetpack_social_post_already_shared":false,"jetpack_social_options":{"image_generator_settings":{"template":"highway","default_image_id":0,"font":"","enabled":false},"version":2}},"categories":[60,3,1],"tags":[],"class_list":["post-8300","post","type-post","status-publish","format-standard","has-post-thumbnail","hentry","category-cafres","category-portada","category-sin-categoria"],"jetpack_publicize_connections":[],"jetpack_featured_media_url":"https:\/\/formalprision.com\/wp-content\/uploads\/2011\/05\/aaaatropellada.jpg","jetpack_sharing_enabled":true,"jetpack_shortlink":"https:\/\/wp.me\/p6id8p-29S","_links":{"self":[{"href":"https:\/\/formalprision.com\/index.php?rest_route=\/wp\/v2\/posts\/8300","targetHints":{"allow":["GET"]}}],"collection":[{"href":"https:\/\/formalprision.com\/index.php?rest_route=\/wp\/v2\/posts"}],"about":[{"href":"https:\/\/formalprision.com\/index.php?rest_route=\/wp\/v2\/types\/post"}],"author":[{"embeddable":true,"href":"https:\/\/formalprision.com\/index.php?rest_route=\/wp\/v2\/users\/1"}],"replies":[{"embeddable":true,"href":"https:\/\/formalprision.com\/index.php?rest_route=%2Fwp%2Fv2%2Fcomments&post=8300"}],"version-history":[{"count":0,"href":"https:\/\/formalprision.com\/index.php?rest_route=\/wp\/v2\/posts\/8300\/revisions"}],"wp:featuredmedia":[{"embeddable":true,"href":"https:\/\/formalprision.com\/index.php?rest_route=\/wp\/v2\/media\/26591"}],"wp:attachment":[{"href":"https:\/\/formalprision.com\/index.php?rest_route=%2Fwp%2Fv2%2Fmedia&parent=8300"}],"wp:term":[{"taxonomy":"category","embeddable":true,"href":"https:\/\/formalprision.com\/index.php?rest_route=%2Fwp%2Fv2%2Fcategories&post=8300"},{"taxonomy":"post_tag","embeddable":true,"href":"https:\/\/formalprision.com\/index.php?rest_route=%2Fwp%2Fv2%2Ftags&post=8300"}],"curies":[{"name":"wp","href":"https:\/\/api.w.org\/{rel}","templated":true}]}}