{"id":8303,"date":"2011-05-18T16:44:00","date_gmt":"2011-05-18T16:44:00","guid":{"rendered":"http:\/\/formalprision.info\/2011\/05\/18\/lenadores-lo-balean-para-evitar-la\/"},"modified":"2015-06-03T08:57:12","modified_gmt":"2015-06-03T08:57:12","slug":"lenadores-lo-balean-para-evitar-la","status":"publish","type":"post","link":"https:\/\/formalprision.com\/?p=8303","title":{"rendered":"Le\u00f1adores lo balean para evitar la competencia"},"content":{"rendered":"<p><a href=\"http:\/\/2.bp.blogspot.com\/-ZrQA151wVMM\/TdNzdURbNhI\/AAAAAAAADWI\/KJwaf0JA6T4\/s1600\/aaaaaaaalalela.jpg\"><img decoding=\"async\" id=\"BLOGGER_PHOTO_ID_5607952908501595666\" style=\"FLOAT: left; MARGIN: 0px 10px 10px 0px; WIDTH: 320px; CURSOR: hand; HEIGHT: 251px\" alt=\"\" src=\"http:\/\/formalprision.com\/wp-content\/uploads\/2011\/05\/aaaaaaaalalela.jpg\" border=\"0\" \/><\/a><\/p>\n<div>MARCIAL HERRERA C\u00c1MARA, de 27 a\u00f1os de edad, vecino de Tixkokob, fue herido de bala de manera extra\u00f1a.<\/div>\n<p><\/p>\n<div>Todo parece indicar que lo balearon porque cortaba le\u00f1a en una parcela ajena.<\/div>\n<p><\/p>\n<div>El manifest\u00f3 en el hospital al que fue llevado que se intern\u00f3 a unos 100 metros del monte para cortar le\u00f1a, entre Tixkokob y Tixp\u00e9hual.<\/div>\n<p><\/p>\n<div>Cuando caminaba vio a tres sujetos con sus escopetas.<\/div>\n<p><\/p>\n<div>Tiempo despu\u00e9s, cuando \u00e9l se encontraba cortando la madera, escuch\u00f3 una detonaci\u00f3n y se sinti\u00f3 lesionado en la nuca, por lo que abord\u00f3 su motocicleta para dirigirse al Seguro Social de Tixp\u00e9hual, pero posteriormente, con ayuda de un amigo, acudi\u00f3 al IMSS T-1 de M\u00e9rida.<\/div>\n<p><\/p>\n<div>Presenta herida de arma de fuego con entrada sin salida en la regi\u00f3n occipital a nivel de la segunda v\u00e9rtebra cervical. <\/div>\n","protected":false},"excerpt":{"rendered":"<p>MARCIAL HERRERA C\u00c1MARA, de 27 a\u00f1os de edad, vecino de Tixkokob, fue herido de bala de manera extra\u00f1a. Todo parece indicar que lo balearon porque cortaba le\u00f1a en una parcela<\/p>\n","protected":false},"author":1,"featured_media":26597,"comment_status":"open","ping_status":"open","sticky":false,"template":"","format":"standard","meta":{"jetpack_post_was_ever_published":false,"_jetpack_newsletter_access":"","_jetpack_dont_email_post_to_subs":false,"_jetpack_newsletter_tier_id":0,"_jetpack_memberships_contains_paywalled_content":false,"_jetpack_memberships_contains_paid_content":false,"footnotes":"","jetpack_publicize_message":"","jetpack_publicize_feature_enabled":true,"jetpack_social_post_already_shared":false,"jetpack_social_options":{"image_generator_settings":{"template":"highway","default_image_id":0,"font":"","enabled":false},"version":2}},"categories":[50,3,1],"tags":[],"class_list":["post-8303","post","type-post","status-publish","format-standard","has-post-thumbnail","hentry","category-machines","category-portada","category-sin-categoria"],"jetpack_publicize_connections":[],"jetpack_featured_media_url":"https:\/\/formalprision.com\/wp-content\/uploads\/2011\/05\/aaaaaaaalalela.jpg","jetpack_sharing_enabled":true,"jetpack_shortlink":"https:\/\/wp.me\/p6id8p-29V","_links":{"self":[{"href":"https:\/\/formalprision.com\/index.php?rest_route=\/wp\/v2\/posts\/8303","targetHints":{"allow":["GET"]}}],"collection":[{"href":"https:\/\/formalprision.com\/index.php?rest_route=\/wp\/v2\/posts"}],"about":[{"href":"https:\/\/formalprision.com\/index.php?rest_route=\/wp\/v2\/types\/post"}],"author":[{"embeddable":true,"href":"https:\/\/formalprision.com\/index.php?rest_route=\/wp\/v2\/users\/1"}],"replies":[{"embeddable":true,"href":"https:\/\/formalprision.com\/index.php?rest_route=%2Fwp%2Fv2%2Fcomments&post=8303"}],"version-history":[{"count":0,"href":"https:\/\/formalprision.com\/index.php?rest_route=\/wp\/v2\/posts\/8303\/revisions"}],"wp:featuredmedia":[{"embeddable":true,"href":"https:\/\/formalprision.com\/index.php?rest_route=\/wp\/v2\/media\/26597"}],"wp:attachment":[{"href":"https:\/\/formalprision.com\/index.php?rest_route=%2Fwp%2Fv2%2Fmedia&parent=8303"}],"wp:term":[{"taxonomy":"category","embeddable":true,"href":"https:\/\/formalprision.com\/index.php?rest_route=%2Fwp%2Fv2%2Fcategories&post=8303"},{"taxonomy":"post_tag","embeddable":true,"href":"https:\/\/formalprision.com\/index.php?rest_route=%2Fwp%2Fv2%2Ftags&post=8303"}],"curies":[{"name":"wp","href":"https:\/\/api.w.org\/{rel}","templated":true}]}}