{"id":8318,"date":"2011-05-15T17:23:00","date_gmt":"2011-05-15T17:23:00","guid":{"rendered":"http:\/\/formalprision.info\/2011\/05\/15\/incendio-en-los-kioskos-de-la-calle-65\/"},"modified":"2015-06-03T08:57:16","modified_gmt":"2015-06-03T08:57:16","slug":"incendio-en-los-kioskos-de-la-calle-65","status":"publish","type":"post","link":"https:\/\/formalprision.com\/?p=8318","title":{"rendered":"Incendio en los kioskos de la calle 65 moviliza a todo mundo"},"content":{"rendered":"<p><a href=\"http:\/\/3.bp.blogspot.com\/-IDtAA5JWkGY\/TdAOlI8sgBI\/AAAAAAAADUw\/AmB73zufRwc\/s1600\/aaaformalprision.jpg\"><img decoding=\"async\" id=\"BLOGGER_PHOTO_ID_5606997567296274450\" style=\"FLOAT: left; MARGIN: 0px 10px 10px 0px; WIDTH: 320px; CURSOR: hand; HEIGHT: 213px\" alt=\"\" src=\"http:\/\/formalprision.com\/wp-content\/uploads\/2011\/05\/aaaformalprision.jpg\" border=\"0\" \/><\/a><\/p>\n<div>Un incendio en uno de los kioskos de la calle 65 por 54 y 56 del centro de la ciudad moviliz\u00f3 esta ma\u00f1ana a los bomberos ya fect\u00f3 por lo menos seis establecimientos.<br \/>El siniestro inicio en la tienda \u00abDulcifiesta\u00bb, resultando da\u00f1ada la planta alta y baja y afectando otros locales, como uno que vende juguitos.<br \/>Las calles aleda\u00f1as fueron cerradas a la vialidad a fin de permitir el libre tr\u00e1nsito de patrullas, bomberos y ambulancias.<br \/>La Polic\u00eda Municipal, la SSP y Protecci\u00f3n Civil montaron amplio operativo con decenas de elementos mientras que una veintena de bomberos trabajaron.<\/div>\n<p><\/p>\n<div>El fuego fue sofocado en cuesti\u00f3n de pocos minutos.<br \/>El director de bomberos Jorge Carlos Flores Mart\u00ednez acudi\u00f3 al lugar de los hechos y se entrevisto con el due\u00f1o Jorge Maga\u00f1a, quien inform\u00f3 que los da\u00f1os no han sido cuantificados, pero dijo que son de consideraci\u00f3n. (con informaci\u00f3n de yucatanahora.com)<\/div>\n","protected":false},"excerpt":{"rendered":"<p>Un incendio en uno de los kioskos de la calle 65 por 54 y 56 del centro de la ciudad moviliz\u00f3 esta ma\u00f1ana a los bomberos ya fect\u00f3 por lo<\/p>\n","protected":false},"author":1,"featured_media":26626,"comment_status":"open","ping_status":"open","sticky":false,"template":"","format":"standard","meta":{"jetpack_post_was_ever_published":false,"_jetpack_newsletter_access":"","_jetpack_dont_email_post_to_subs":false,"_jetpack_newsletter_tier_id":0,"_jetpack_memberships_contains_paywalled_content":false,"_jetpack_memberships_contains_paid_content":false,"footnotes":"","jetpack_publicize_message":"","jetpack_publicize_feature_enabled":true,"jetpack_social_post_already_shared":false,"jetpack_social_options":{"image_generator_settings":{"template":"highway","default_image_id":0,"font":"","enabled":false},"version":2}},"categories":[56,3,1],"tags":[],"class_list":["post-8318","post","type-post","status-publish","format-standard","has-post-thumbnail","hentry","category-incendios","category-portada","category-sin-categoria"],"jetpack_publicize_connections":[],"jetpack_featured_media_url":"https:\/\/formalprision.com\/wp-content\/uploads\/2011\/05\/aaaformalprision.jpg","jetpack_sharing_enabled":true,"jetpack_shortlink":"https:\/\/wp.me\/p6id8p-2aa","_links":{"self":[{"href":"https:\/\/formalprision.com\/index.php?rest_route=\/wp\/v2\/posts\/8318","targetHints":{"allow":["GET"]}}],"collection":[{"href":"https:\/\/formalprision.com\/index.php?rest_route=\/wp\/v2\/posts"}],"about":[{"href":"https:\/\/formalprision.com\/index.php?rest_route=\/wp\/v2\/types\/post"}],"author":[{"embeddable":true,"href":"https:\/\/formalprision.com\/index.php?rest_route=\/wp\/v2\/users\/1"}],"replies":[{"embeddable":true,"href":"https:\/\/formalprision.com\/index.php?rest_route=%2Fwp%2Fv2%2Fcomments&post=8318"}],"version-history":[{"count":0,"href":"https:\/\/formalprision.com\/index.php?rest_route=\/wp\/v2\/posts\/8318\/revisions"}],"wp:featuredmedia":[{"embeddable":true,"href":"https:\/\/formalprision.com\/index.php?rest_route=\/wp\/v2\/media\/26626"}],"wp:attachment":[{"href":"https:\/\/formalprision.com\/index.php?rest_route=%2Fwp%2Fv2%2Fmedia&parent=8318"}],"wp:term":[{"taxonomy":"category","embeddable":true,"href":"https:\/\/formalprision.com\/index.php?rest_route=%2Fwp%2Fv2%2Fcategories&post=8318"},{"taxonomy":"post_tag","embeddable":true,"href":"https:\/\/formalprision.com\/index.php?rest_route=%2Fwp%2Fv2%2Ftags&post=8318"}],"curies":[{"name":"wp","href":"https:\/\/api.w.org\/{rel}","templated":true}]}}