{"id":83533,"date":"2021-01-13T17:19:34","date_gmt":"2021-01-13T22:19:34","guid":{"rendered":"http:\/\/formalprision.com\/?p=83533"},"modified":"2021-01-13T23:41:02","modified_gmt":"2021-01-14T04:41:02","slug":"mauricio-carrera-recibe-premio-nacional-de-cuento-beatriz-espejo-2020","status":"publish","type":"post","link":"https:\/\/formalprision.com\/?p=83533","title":{"rendered":"Mauricio Carrera recibe Premio Nacional de Cuento &#8216;Beatriz Espejo&#8217; 2020"},"content":{"rendered":"\n<p>Con su obra&nbsp;<em>El animal m\u00e1s hermoso del mundo<\/em>, el escritor Mauricio Carrera recibi\u00f3 el Premio Nacional de Cuento \u201cBeatriz Espejo\u201d 2020, certamen que cumple con el objetivo del Gobernador Mauricio Vila Dosal de estimular la producci\u00f3n literaria y fomentar la lectura en Yucat\u00e1n.<\/p>\n\n\n\n<p>La ceremonia de entrega, realizada en el Centro Cultural Olimpo con los protocolos sanitarios correspondientes, fue encabezada por la titular de la Secretar\u00eda de la Cultura y las Artes (Sedeculta), Erica Millet Corona; el director de Cultura del Ayuntamiento de M\u00e9rida, Irving Berl\u00edn Villafa\u00f1a, y Will Rodr\u00edguez, miembro del jurado calificador, quienes brindaron el est\u00edmulo econ\u00f3mico y diploma al vencedor, que se registr\u00f3 con el pseud\u00f3nimo de Ava Lavinia Gardner.<\/p>\n\n\n\n<p>Ante la escritora que da nombre al concurso, enlazada a trav\u00e9s de la plataforma Zoom, la funcionaria felicit\u00f3 al ganador por su valioso cuento y garantiz\u00f3 que se continuar\u00e1 el apoyo a las propuestas literarias para fomentar el trabajo de las creadoras y creadores. Agreg\u00f3 que el 2020 ha sido complicado para la cultura, pero la colaboraci\u00f3n entre instituciones ser\u00e1 fundamental para la permanencia de diversos proyectos.<\/p>\n\n\n\n<p>En su discurso, el autor, cuyo nombre completo es Jos\u00e9 Luis Mauricio Carrera Guerrero, agradeci\u00f3 el reconocimiento y valor\u00f3 el trabajo de las autoridades que en una \u00e9poca de austeridad y recortes que afectan a la cultura se haya conservado el concurso que estimula las letras y rinde un homenaje al legado de una gran cuentista.<\/p>\n\n\n\n<p>Asimismo, Beatriz Espejo inform\u00f3 que de esta convocatoria surgi\u00f3 el libro&nbsp;<em>El espejo de Beatriz. Volumen II<\/em>&nbsp;en colaboraci\u00f3n con Ficticia Editorial y que re\u00fane trabajos de autores que han ganado u obtenido menciones honor\u00edficas de la referida convocatoria, de 2008 a 2020.<\/p>\n\n\n\n<p>En tanto, Berl\u00edn Villafa\u00f1a se\u00f1al\u00f3 que el premio, que cumple dos d\u00e9cadas de creaci\u00f3n, forma parte del M\u00e9rida Fest, con el que se celebra el 479 aniversario de la ciudad y es el primero que se entrega en el a\u00f1o, a nivel nacional, adem\u00e1s de que anualmente es una gran plataforma para las y los escritores de M\u00e9xico.<\/p>\n\n\n\n<p>La propuesta fue seleccionada de entre 380 textos por el cuerpo colegiado, integrado por Pablo C\u00edcero, Will Rodr\u00edguez y la propia Beatriz Espejo, quienes destacaron&nbsp;su originalidad, amena lectura, adecuado manejo del lenguaje e interioridad de sus personajes, as\u00ed como el inter\u00e9s que puede despertar el tema.<\/p>\n\n\n\n<p>En el evento, tambi\u00e9n se destac\u00f3 las menciones honor\u00edficas del yucateco Alonso Humberto Mar\u00edn Ram\u00edrez, por su trabajo titulado&nbsp;<em>La balada del infante marica<\/em>; la duranguense Norma Ang\u00e9lica L\u00f3pez G\u00e1ndara por su obra&nbsp;<em>Todo est\u00e1 cumplido<\/em>&nbsp;y el capitalino Enrique Adonis Rodr\u00edguez Morales, con&nbsp;<em>La ofrenda<\/em>.<\/p>\n\n\n\n<p>El ganador es miembro del Sistema Nacional de Creadores de Arte, ha sido profesor de narrativa en la Escuela de Escritores de la Sociedad General de Escritores de M\u00e9xico (Sogem). A su vez, es autor de m\u00e1s de 30 libros en g\u00e9neros como cuento, novela, ensayo, testimonio, biograf\u00eda y poes\u00eda. Ha recibo diversos premios nacionales e internacionales. Sus m\u00e1s recientes t\u00edtulos son&nbsp;<em>Las Horas Furtivas&nbsp;<\/em>y&nbsp;<em>Memorial de las aves<\/em>, ambos en 2020.<\/p>\n\n\n\n<p>Estuvieron en la ceremonia la directora de Desarrollo Art\u00edstico y Gesti\u00f3n Cultural, Ana Ceballos Novelo, y la jefa del Departamento de Literatura y Promoci\u00f3n Editorial, Rosely Quijano Le\u00f3n, ambas de&nbsp; Sedeculta, as\u00ed como la subdirectora de Fomento a la Cultura del Ayuntamiento de M\u00e9rida, Liliana Bolio Pinelo.<\/p>\n","protected":false},"excerpt":{"rendered":"<p>Con su obra&nbsp;El animal m\u00e1s hermoso del mundo, el escritor Mauricio Carrera recibi\u00f3 el Premio Nacional de Cuento \u201cBeatriz Espejo\u201d 2020, certamen que cumple con el objetivo del Gobernador Mauricio<\/p>\n","protected":false},"author":2,"featured_media":83535,"comment_status":"open","ping_status":"open","sticky":false,"template":"","format":"standard","meta":{"jetpack_post_was_ever_published":false,"_jetpack_newsletter_access":"","_jetpack_dont_email_post_to_subs":false,"_jetpack_newsletter_tier_id":0,"_jetpack_memberships_contains_paywalled_content":false,"_jetpack_memberships_contains_paid_content":false,"footnotes":"","jetpack_publicize_message":"Mauricio Carrera fue reconocido por su obra El animal m\u00e1s hermoso del mundo.","jetpack_publicize_feature_enabled":true,"jetpack_social_post_already_shared":true,"jetpack_social_options":{"image_generator_settings":{"template":"highway","default_image_id":0,"font":"","enabled":false},"version":2}},"categories":[33,32],"tags":[],"class_list":["post-83533","post","type-post","status-publish","format-standard","has-post-thumbnail","hentry","category-cultura","category-espectaculos"],"jetpack_publicize_connections":[],"jetpack_featured_media_url":"https:\/\/formalprision.com\/wp-content\/uploads\/2021\/01\/Mauricio-Carrera-y-Erica-Millet.jpg","jetpack_sharing_enabled":true,"jetpack_shortlink":"https:\/\/wp.me\/p6id8p-lJj","_links":{"self":[{"href":"https:\/\/formalprision.com\/index.php?rest_route=\/wp\/v2\/posts\/83533","targetHints":{"allow":["GET"]}}],"collection":[{"href":"https:\/\/formalprision.com\/index.php?rest_route=\/wp\/v2\/posts"}],"about":[{"href":"https:\/\/formalprision.com\/index.php?rest_route=\/wp\/v2\/types\/post"}],"author":[{"embeddable":true,"href":"https:\/\/formalprision.com\/index.php?rest_route=\/wp\/v2\/users\/2"}],"replies":[{"embeddable":true,"href":"https:\/\/formalprision.com\/index.php?rest_route=%2Fwp%2Fv2%2Fcomments&post=83533"}],"version-history":[{"count":0,"href":"https:\/\/formalprision.com\/index.php?rest_route=\/wp\/v2\/posts\/83533\/revisions"}],"wp:featuredmedia":[{"embeddable":true,"href":"https:\/\/formalprision.com\/index.php?rest_route=\/wp\/v2\/media\/83535"}],"wp:attachment":[{"href":"https:\/\/formalprision.com\/index.php?rest_route=%2Fwp%2Fv2%2Fmedia&parent=83533"}],"wp:term":[{"taxonomy":"category","embeddable":true,"href":"https:\/\/formalprision.com\/index.php?rest_route=%2Fwp%2Fv2%2Fcategories&post=83533"},{"taxonomy":"post_tag","embeddable":true,"href":"https:\/\/formalprision.com\/index.php?rest_route=%2Fwp%2Fv2%2Ftags&post=83533"}],"curies":[{"name":"wp","href":"https:\/\/api.w.org\/{rel}","templated":true}]}}