{"id":83536,"date":"2021-01-13T20:01:03","date_gmt":"2021-01-14T01:01:03","guid":{"rendered":"http:\/\/formalprision.com\/?p=83536"},"modified":"2021-01-13T23:30:20","modified_gmt":"2021-01-14T04:30:20","slug":"capturan-a-sujeto-que-violo-y-embarazo-a-una-nina-de-12-anos","status":"publish","type":"post","link":"https:\/\/formalprision.com\/?p=83536","title":{"rendered":"Capturan a sujeto que viol\u00f3 y embaraz\u00f3 a una ni\u00f1a de 12 a\u00f1os"},"content":{"rendered":"\n<p>Elementos de la Secretar\u00eda de Seguridad P\u00fablica (SSP), adscritos a la Polic\u00eda Estatal de Investigaci\u00f3n (PEI), en coordinaci\u00f3n con la Fiscal\u00eda General del Estado (FGE), detuvieron hoy a un sujeto de 67 a\u00f1os de edad, imputado por el delito de violaci\u00f3n equiparada agravada, contra una menor.<\/p>\n\n\n\n<p>Los hechos ocurrieron en marzo de 2017 en la comisar\u00eda de Kaxatah, municipio de Motul, cuando la menor (de identidad reservada) ten\u00eda 12 a\u00f1os de edad.<\/p>\n\n\n\n<p>El sujeto, Jos\u00e9 Roberto H.H., cometi\u00f3 la agresi\u00f3n y amenaz\u00f3 a la ni\u00f1a con hacer da\u00f1o a sus hermanitos si contaba lo ocurrido.<\/p>\n\n\n\n<p>Como consecuencia del abuso, la menor result\u00f3 embarazada y entonces narr\u00f3 a sus padres el ataque que sufri\u00f3 de parte del sujeto.<\/p>\n\n\n\n<p>Este d\u00eda los polic\u00edas investigadores de la SSP dieron cumplimiento a la orden de aprehensi\u00f3n contra el individuo, por mandato del Juez Primero de Control del Primer Distrito Judicial del Sistema de Justicia Penal, Acusatorio y Oral.<\/p>\n","protected":false},"excerpt":{"rendered":"<p>Elementos de la Secretar\u00eda de Seguridad P\u00fablica (SSP), adscritos a la Polic\u00eda Estatal de Investigaci\u00f3n (PEI), en coordinaci\u00f3n con la Fiscal\u00eda General del Estado (FGE), detuvieron hoy a un sujeto<\/p>\n","protected":false},"author":2,"featured_media":83538,"comment_status":"open","ping_status":"open","sticky":false,"template":"","format":"standard","meta":{"jetpack_post_was_ever_published":false,"_jetpack_newsletter_access":"","_jetpack_dont_email_post_to_subs":false,"_jetpack_newsletter_tier_id":0,"_jetpack_memberships_contains_paywalled_content":false,"_jetpack_memberships_contains_paid_content":false,"footnotes":"","jetpack_publicize_message":"El sujeto de 67 a\u00f1os de edad fue imputado por el delito de violaci\u00f3n equiparada agravada, contra una menor.","jetpack_publicize_feature_enabled":true,"jetpack_social_post_already_shared":true,"jetpack_social_options":{"image_generator_settings":{"template":"highway","default_image_id":0,"font":"","enabled":false},"version":2}},"categories":[55],"tags":[],"class_list":["post-83536","post","type-post","status-publish","format-standard","has-post-thumbnail","hentry","category-violines"],"jetpack_publicize_connections":[],"jetpack_featured_media_url":"https:\/\/formalprision.com\/wp-content\/uploads\/2021\/01\/violador.jpg","jetpack_sharing_enabled":true,"jetpack_shortlink":"https:\/\/wp.me\/p6id8p-lJm","_links":{"self":[{"href":"https:\/\/formalprision.com\/index.php?rest_route=\/wp\/v2\/posts\/83536","targetHints":{"allow":["GET"]}}],"collection":[{"href":"https:\/\/formalprision.com\/index.php?rest_route=\/wp\/v2\/posts"}],"about":[{"href":"https:\/\/formalprision.com\/index.php?rest_route=\/wp\/v2\/types\/post"}],"author":[{"embeddable":true,"href":"https:\/\/formalprision.com\/index.php?rest_route=\/wp\/v2\/users\/2"}],"replies":[{"embeddable":true,"href":"https:\/\/formalprision.com\/index.php?rest_route=%2Fwp%2Fv2%2Fcomments&post=83536"}],"version-history":[{"count":0,"href":"https:\/\/formalprision.com\/index.php?rest_route=\/wp\/v2\/posts\/83536\/revisions"}],"wp:featuredmedia":[{"embeddable":true,"href":"https:\/\/formalprision.com\/index.php?rest_route=\/wp\/v2\/media\/83538"}],"wp:attachment":[{"href":"https:\/\/formalprision.com\/index.php?rest_route=%2Fwp%2Fv2%2Fmedia&parent=83536"}],"wp:term":[{"taxonomy":"category","embeddable":true,"href":"https:\/\/formalprision.com\/index.php?rest_route=%2Fwp%2Fv2%2Fcategories&post=83536"},{"taxonomy":"post_tag","embeddable":true,"href":"https:\/\/formalprision.com\/index.php?rest_route=%2Fwp%2Fv2%2Ftags&post=83536"}],"curies":[{"name":"wp","href":"https:\/\/api.w.org\/{rel}","templated":true}]}}