{"id":8361,"date":"2011-05-02T20:57:00","date_gmt":"2011-05-02T20:57:00","guid":{"rendered":"http:\/\/formalprision.info\/2011\/05\/02\/esclarece-la-fiscalia-el-homicidio-de\/"},"modified":"2015-06-03T08:57:28","modified_gmt":"2015-06-03T08:57:28","slug":"esclarece-la-fiscalia-el-homicidio-de","status":"publish","type":"post","link":"https:\/\/formalprision.com\/?p=8361","title":{"rendered":"Esclarece la Fiscal\u00eda el homicidio del comerciante de Oxkutzcab"},"content":{"rendered":"<p><a href=\"http:\/\/4.bp.blogspot.com\/-XR61X9UMx6A\/Tb8cXfZptsI\/AAAAAAAADOw\/jwOeEjgVNQc\/s1600\/aaaamatador.jpg\"><img decoding=\"async\" id=\"BLOGGER_PHOTO_ID_5602227651363845826\" style=\"FLOAT: left; MARGIN: 0px 10px 10px 0px; WIDTH: 320px; CURSOR: hand; HEIGHT: 198px\" alt=\"\" src=\"http:\/\/formalprision.com\/wp-content\/uploads\/2011\/05\/aaaamatador.jpg\" border=\"0\" \/><\/a><\/p>\n<div>Tres d\u00edas despu\u00e9s de artero crimen en Oxkutzcab, la Fiscal\u00eda General del Estado esclarci\u00f3 el homicidio y detuvo al responsable de este hecho.<\/div>\n<div>El detenido es Bernab\u00e9 Paz Novelo, quien fue arraigado hoy mismo, por la muerte del comerciante Javier Mart\u00edn Parra Pacho.<br \/>Paz Novelo decidi\u00f3 \u00abdarle un susto\u00bb al ahora occiso, debido a que se enter\u00f3 que estaba hablando mal de \u00e9l, para lo cual el d\u00eda 28 de abril pidi\u00f3 prestada una motocicleta y un arma de fuego.<br \/>Al d\u00eda siguiente, el inculpado sali\u00f3 de su predio a bordo de la motocicleta y con el rifle abastecido, que le hab\u00edan prestado \u00abpara cazar conejos\u00bb y, se dirigi\u00f3 a la tortiller\u00eda para localizar a Parra Pacho, pero al no conseguirlo, acudi\u00f3 a la Central de Abastos que se encuentra cerca de dicho negocio y desde ah\u00ed estuvo observando el lugar en espera del hoy extinto.<br \/>Paz Novelo se acerc\u00f3 a la calle 26 por 47, desde donde pod\u00eda observar mejor la tortiller\u00eda, y cuando se percat\u00f3 que el veh\u00edculo del ahora occiso se aproximaba al lugar, lo sigui\u00f3 en la motocicleta y, sin apagar el motor, descendi\u00f3 de la misma y se aproxim\u00f3 a Parra Pacho para reclamarle y este, al percatarse del arma, intent\u00f3 correr, pero Paz Novelo accion\u00f3 el rifle y lo hiri\u00f3, tras lo cual el sujeto huy\u00f3 del lugar.<br \/>Debido a las lesiones que sufri\u00f3, Parra Pacho falleci\u00f3 en el lugar de los hechos a consecuencia de un choque hipovol\u00e9mico por hemorragia interna ocasionado por proyectiles de arma de fuego. <\/div>\n","protected":false},"excerpt":{"rendered":"<p>Tres d\u00edas despu\u00e9s de artero crimen en Oxkutzcab, la Fiscal\u00eda General del Estado esclarci\u00f3 el homicidio y detuvo al responsable de este hecho. El detenido es Bernab\u00e9 Paz Novelo, quien<\/p>\n","protected":false},"author":1,"featured_media":26711,"comment_status":"open","ping_status":"open","sticky":false,"template":"","format":"standard","meta":{"jetpack_post_was_ever_published":false,"_jetpack_newsletter_access":"","_jetpack_dont_email_post_to_subs":false,"_jetpack_newsletter_tier_id":0,"_jetpack_memberships_contains_paywalled_content":false,"_jetpack_memberships_contains_paid_content":false,"footnotes":"","jetpack_publicize_message":"","jetpack_publicize_feature_enabled":true,"jetpack_social_post_already_shared":false,"jetpack_social_options":{"image_generator_settings":{"template":"highway","default_image_id":0,"font":"","enabled":false},"version":2}},"categories":[59,3,1],"tags":[],"class_list":["post-8361","post","type-post","status-publish","format-standard","has-post-thumbnail","hentry","category-asesinos","category-portada","category-sin-categoria"],"jetpack_publicize_connections":[],"jetpack_featured_media_url":"https:\/\/formalprision.com\/wp-content\/uploads\/2011\/05\/aaaamatador.jpg","jetpack_sharing_enabled":true,"jetpack_shortlink":"https:\/\/wp.me\/p6id8p-2aR","_links":{"self":[{"href":"https:\/\/formalprision.com\/index.php?rest_route=\/wp\/v2\/posts\/8361","targetHints":{"allow":["GET"]}}],"collection":[{"href":"https:\/\/formalprision.com\/index.php?rest_route=\/wp\/v2\/posts"}],"about":[{"href":"https:\/\/formalprision.com\/index.php?rest_route=\/wp\/v2\/types\/post"}],"author":[{"embeddable":true,"href":"https:\/\/formalprision.com\/index.php?rest_route=\/wp\/v2\/users\/1"}],"replies":[{"embeddable":true,"href":"https:\/\/formalprision.com\/index.php?rest_route=%2Fwp%2Fv2%2Fcomments&post=8361"}],"version-history":[{"count":0,"href":"https:\/\/formalprision.com\/index.php?rest_route=\/wp\/v2\/posts\/8361\/revisions"}],"wp:featuredmedia":[{"embeddable":true,"href":"https:\/\/formalprision.com\/index.php?rest_route=\/wp\/v2\/media\/26711"}],"wp:attachment":[{"href":"https:\/\/formalprision.com\/index.php?rest_route=%2Fwp%2Fv2%2Fmedia&parent=8361"}],"wp:term":[{"taxonomy":"category","embeddable":true,"href":"https:\/\/formalprision.com\/index.php?rest_route=%2Fwp%2Fv2%2Fcategories&post=8361"},{"taxonomy":"post_tag","embeddable":true,"href":"https:\/\/formalprision.com\/index.php?rest_route=%2Fwp%2Fv2%2Ftags&post=8361"}],"curies":[{"name":"wp","href":"https:\/\/api.w.org\/{rel}","templated":true}]}}