{"id":8366,"date":"2011-05-02T14:20:00","date_gmt":"2011-05-02T14:20:00","guid":{"rendered":"http:\/\/formalprision.info\/2011\/05\/02\/extrana-muerte-de-un-reo-en-el-cereso\/"},"modified":"2015-06-03T08:57:28","modified_gmt":"2015-06-03T08:57:28","slug":"extrana-muerte-de-un-reo-en-el-cereso","status":"publish","type":"post","link":"https:\/\/formalprision.com\/?p=8366","title":{"rendered":"Extra\u00f1a muerte de un reo en el Cereso de M\u00e9rida"},"content":{"rendered":"<p><a href=\"http:\/\/3.bp.blogspot.com\/-OheC1DrUIGY\/Tb5Ls_eva2I\/AAAAAAAADNw\/8yLw0lUGRCM\/s1600\/aaaatresnarcos.jpg\"><img decoding=\"async\" id=\"BLOGGER_PHOTO_ID_5601998222822173538\" style=\"FLOAT: left; MARGIN: 0px 10px 10px 0px; WIDTH: 320px; CURSOR: hand; HEIGHT: 214px\" alt=\"\" src=\"http:\/\/formalprision.com\/wp-content\/uploads\/2011\/05\/aaaatresnarcos.jpg\" border=\"0\" \/><\/a><\/p>\n<div>La mala vigilancia y el poco control que existe en el penal de M\u00e9rida caus\u00f3 ayer una muerte m\u00e1s en ese centro de reclusi\u00f3n.<\/div>\n<p><\/p>\n<div>El interno Misael Serv\u00edn Mart\u00ednez , reclu\u00eddo por violaci\u00f3n, falleci\u00f3 en extra\u00f1as circunstancias.<\/div>\n<p><\/p>\n<div>La direcci\u00f3n del reclusorio trata de haceer pasar el caso como un suicidio, pero no se descarta que se trate de un homicidio,producto de un ajuste de cuentas entre grupos de internos.<\/div>\n<p><\/p>\n<div>La Fiscal\u00eda General del Estado ya investiga el caso.<\/div>\n<div>El cuerpo fue descubierto ayer durante el d\u00eda de visitas, pero se ha proporcionado poca informaci\u00f3n sobre este caso rato.<\/div>\n<p><\/p>\n<div>El interno era apodado \u00abHuacho\u00bb e ingres\u00f3 al penal en febrero de 2004.<\/div>\n<p><\/p>\n<div>Cumpl\u00eda condena de siete a\u00f1os siete meses de prisi\u00f3n por violaci\u00f3n, portaci\u00f3n de armas e instrumentos prohibidos y ataques peligrosos.<\/div>\n<p><\/p>\n<div><\/div>\n","protected":false},"excerpt":{"rendered":"<p>La mala vigilancia y el poco control que existe en el penal de M\u00e9rida caus\u00f3 ayer una muerte m\u00e1s en ese centro de reclusi\u00f3n. El interno Misael Serv\u00edn Mart\u00ednez ,<\/p>\n","protected":false},"author":1,"featured_media":26721,"comment_status":"open","ping_status":"open","sticky":false,"template":"","format":"standard","meta":{"jetpack_post_was_ever_published":false,"_jetpack_newsletter_access":"","_jetpack_dont_email_post_to_subs":false,"_jetpack_newsletter_tier_id":0,"_jetpack_memberships_contains_paywalled_content":false,"_jetpack_memberships_contains_paid_content":false,"footnotes":"","jetpack_publicize_message":"","jetpack_publicize_feature_enabled":true,"jetpack_social_post_already_shared":false,"jetpack_social_options":{"image_generator_settings":{"template":"highway","default_image_id":0,"font":"","enabled":false},"version":2}},"categories":[59,44,3,1],"tags":[],"class_list":["post-8366","post","type-post","status-publish","format-standard","has-post-thumbnail","hentry","category-asesinos","category-morgue","category-portada","category-sin-categoria"],"jetpack_publicize_connections":[],"jetpack_featured_media_url":"https:\/\/formalprision.com\/wp-content\/uploads\/2011\/05\/aaaatresnarcos.jpg","jetpack_sharing_enabled":true,"jetpack_shortlink":"https:\/\/wp.me\/p6id8p-2aW","_links":{"self":[{"href":"https:\/\/formalprision.com\/index.php?rest_route=\/wp\/v2\/posts\/8366","targetHints":{"allow":["GET"]}}],"collection":[{"href":"https:\/\/formalprision.com\/index.php?rest_route=\/wp\/v2\/posts"}],"about":[{"href":"https:\/\/formalprision.com\/index.php?rest_route=\/wp\/v2\/types\/post"}],"author":[{"embeddable":true,"href":"https:\/\/formalprision.com\/index.php?rest_route=\/wp\/v2\/users\/1"}],"replies":[{"embeddable":true,"href":"https:\/\/formalprision.com\/index.php?rest_route=%2Fwp%2Fv2%2Fcomments&post=8366"}],"version-history":[{"count":0,"href":"https:\/\/formalprision.com\/index.php?rest_route=\/wp\/v2\/posts\/8366\/revisions"}],"wp:featuredmedia":[{"embeddable":true,"href":"https:\/\/formalprision.com\/index.php?rest_route=\/wp\/v2\/media\/26721"}],"wp:attachment":[{"href":"https:\/\/formalprision.com\/index.php?rest_route=%2Fwp%2Fv2%2Fmedia&parent=8366"}],"wp:term":[{"taxonomy":"category","embeddable":true,"href":"https:\/\/formalprision.com\/index.php?rest_route=%2Fwp%2Fv2%2Fcategories&post=8366"},{"taxonomy":"post_tag","embeddable":true,"href":"https:\/\/formalprision.com\/index.php?rest_route=%2Fwp%2Fv2%2Ftags&post=8366"}],"curies":[{"name":"wp","href":"https:\/\/api.w.org\/{rel}","templated":true}]}}