{"id":83754,"date":"2021-01-20T09:58:33","date_gmt":"2021-01-20T14:58:33","guid":{"rendered":"http:\/\/formalprision.com\/?p=83754"},"modified":"2021-01-21T11:12:41","modified_gmt":"2021-01-21T16:12:41","slug":"apagon-en-palacio-nacional-interrumpe-la-mananera-de-amlo","status":"publish","type":"post","link":"https:\/\/formalprision.com\/?p=83754","title":{"rendered":"Apag\u00f3n en Palacio Nacional interrumpe la ma\u00f1anera de AMLO"},"content":{"rendered":"\n<p>Esta ma\u00f1ana se registr\u00f3 un apag\u00f3n en la conferencia ma\u00f1anera del presidente Andr\u00e9s Manuel L\u00f3pez Obrador. Por unos segundos el Sal\u00f3n \u201cTesorer\u00eda\u201d de Palacio Nacional se qued\u00f3 en la oscuridad, ante la mirada y algunas risas de los reporteros.<\/p>\n\n\n\n<p>\u201cSe fue la luz\u201d, exclam\u00f3 Luis Cresencio Sandoval Gonz\u00e1lez, secretario de la Defensa Nacional, qui\u00e9n sonri\u00f3 en lo que se reactiv\u00f3 la energ\u00eda el\u00e9ctrica en el lugar y luego continu\u00f3 hablando del Plan DN-III-E en atenci\u00f3n a desastres.<\/p>\n\n\n\n<p>Este es el segundo apag\u00f3n en la ma\u00f1anera desde que L\u00f3pez Obrador decidi\u00f3 realizar las conferencias en Palacio Nacional, el primero ocurri\u00f3 en marzo de 2019 cuando Esteban Moctezuma, secretario de Educaci\u00f3n termin\u00f3 su intervenci\u00f3n y tom\u00f3 la palabra el mandatario mexicano.<\/p>\n\n\n\n<p>En aquella ocasi\u00f3n, el problema tard\u00f3 casi 20 minutos en solucionarse e incluso la transmisi\u00f3n tuvo que ser interrumpida, pero la conferencia continu\u00f3.<\/p>\n\n\n\n<p>En redes sociales usuarios aprovecharon el momento para bromear con lo ocurrido y recordar el apag\u00f3n de hace algunas semanas en la Ciudad de M\u00e9xico. El nombre del director de la Comisi\u00f3n Federal de Electricidad (CFE), Manuel Bartlett D\u00edaz, sali\u00f3 a relucir, porque varias personas solicitaron que explicar\u00e1 qu\u00e9 pas\u00f3 en Palacio Nacional.<\/p>\n\n\n\n<p><em>Fuente: Cr\u00f3nica<\/em><\/p>\n","protected":false},"excerpt":{"rendered":"<p>Esta ma\u00f1ana se registr\u00f3 un apag\u00f3n en la conferencia ma\u00f1anera del presidente Andr\u00e9s Manuel L\u00f3pez Obrador. Por unos segundos el Sal\u00f3n \u201cTesorer\u00eda\u201d de Palacio Nacional se qued\u00f3 en la oscuridad,<\/p>\n","protected":false},"author":2,"featured_media":83756,"comment_status":"open","ping_status":"open","sticky":false,"template":"","format":"standard","meta":{"jetpack_post_was_ever_published":false,"_jetpack_newsletter_access":"","_jetpack_dont_email_post_to_subs":false,"_jetpack_newsletter_tier_id":0,"_jetpack_memberships_contains_paywalled_content":false,"_jetpack_memberships_contains_paid_content":false,"footnotes":"","jetpack_publicize_message":"Este es el segundo apag\u00f3n en la ma\u00f1anera desde que L\u00f3pez Obrador decidi\u00f3 realizar las conferencias en Palacio Nacional.","jetpack_publicize_feature_enabled":true,"jetpack_social_post_already_shared":true,"jetpack_social_options":{"image_generator_settings":{"template":"highway","default_image_id":0,"font":"","enabled":false},"version":2}},"categories":[23,21,1589],"tags":[],"class_list":["post-83754","post","type-post","status-publish","format-standard","has-post-thumbnail","hentry","category-del-mundo","category-nacionales","category-rotador-inferior"],"jetpack_publicize_connections":[],"jetpack_featured_media_url":"https:\/\/formalprision.com\/wp-content\/uploads\/2021\/01\/amlo.jpg","jetpack_sharing_enabled":true,"jetpack_shortlink":"https:\/\/wp.me\/p6id8p-lMS","_links":{"self":[{"href":"https:\/\/formalprision.com\/index.php?rest_route=\/wp\/v2\/posts\/83754","targetHints":{"allow":["GET"]}}],"collection":[{"href":"https:\/\/formalprision.com\/index.php?rest_route=\/wp\/v2\/posts"}],"about":[{"href":"https:\/\/formalprision.com\/index.php?rest_route=\/wp\/v2\/types\/post"}],"author":[{"embeddable":true,"href":"https:\/\/formalprision.com\/index.php?rest_route=\/wp\/v2\/users\/2"}],"replies":[{"embeddable":true,"href":"https:\/\/formalprision.com\/index.php?rest_route=%2Fwp%2Fv2%2Fcomments&post=83754"}],"version-history":[{"count":0,"href":"https:\/\/formalprision.com\/index.php?rest_route=\/wp\/v2\/posts\/83754\/revisions"}],"wp:featuredmedia":[{"embeddable":true,"href":"https:\/\/formalprision.com\/index.php?rest_route=\/wp\/v2\/media\/83756"}],"wp:attachment":[{"href":"https:\/\/formalprision.com\/index.php?rest_route=%2Fwp%2Fv2%2Fmedia&parent=83754"}],"wp:term":[{"taxonomy":"category","embeddable":true,"href":"https:\/\/formalprision.com\/index.php?rest_route=%2Fwp%2Fv2%2Fcategories&post=83754"},{"taxonomy":"post_tag","embeddable":true,"href":"https:\/\/formalprision.com\/index.php?rest_route=%2Fwp%2Fv2%2Ftags&post=83754"}],"curies":[{"name":"wp","href":"https:\/\/api.w.org\/{rel}","templated":true}]}}