{"id":83831,"date":"2021-01-22T11:35:32","date_gmt":"2021-01-22T16:35:32","guid":{"rendered":"http:\/\/formalprision.com\/?p=83831"},"modified":"2021-01-22T23:35:07","modified_gmt":"2021-01-23T04:35:07","slug":"estados-y-empresas-podran-comprar-vacunas-contra-covid-19-amlo","status":"publish","type":"post","link":"https:\/\/formalprision.com\/?p=83831","title":{"rendered":"\u00a1Que siempre si! Estados y empresas podr\u00e1n comprar vacunas anti Covid-19: AMLO"},"content":{"rendered":"\n<p>El presidente Andr\u00e9s Manuel L\u00f3pez Obrador asegur\u00f3 que ha dado instrucciones al secretario de Salud para que emita un comunicado, a fin de que cualquier gobierno estatal o empresa privada pueda comprar las vacunas contra el covid-19.<\/p>\n\n\n\n<p>Durante su conferencia en Palacio Nacional, afirm\u00f3 que su gobierno no ejerce un monopolio en la aplicaci\u00f3n de vacunas, por lo que ha girado la orden para que se emita un comunicado estableciendo que los gobiernos y la iniciativa privada puedan adquirir las vacunas.<\/p>\n\n\n\n<p>L\u00f3pez Obrador subray\u00f3 que la \u00fanica condici\u00f3n es que se anexe a la solicitud de compra, el contrato de adquisici\u00f3n de las vacunas, la cantidad, el nombre de la farmac\u00e9utica y a quienes se van a aplicar, esto \u00faltimo \u201cpara no duplicar esfuerzos\u201d con el plan nacional de vacunaci\u00f3n.<\/p>\n","protected":false},"excerpt":{"rendered":"<p>El presidente Andr\u00e9s Manuel L\u00f3pez Obrador asegur\u00f3 que ha dado instrucciones al secretario de Salud para que emita un comunicado, a fin de que cualquier gobierno estatal o empresa privada<\/p>\n","protected":false},"author":2,"featured_media":83833,"comment_status":"open","ping_status":"open","sticky":false,"template":"","format":"standard","meta":{"jetpack_post_was_ever_published":false,"_jetpack_newsletter_access":"","_jetpack_dont_email_post_to_subs":false,"_jetpack_newsletter_tier_id":0,"_jetpack_memberships_contains_paywalled_content":false,"_jetpack_memberships_contains_paid_content":false,"footnotes":"","jetpack_publicize_message":"","jetpack_publicize_feature_enabled":true,"jetpack_social_post_already_shared":true,"jetpack_social_options":{"image_generator_settings":{"template":"highway","default_image_id":0,"font":"","enabled":false},"version":2}},"categories":[21,54],"tags":[],"class_list":["post-83831","post","type-post","status-publish","format-standard","has-post-thumbnail","hentry","category-nacionales","category-yucatan"],"jetpack_publicize_connections":[],"jetpack_featured_media_url":"https:\/\/formalprision.com\/wp-content\/uploads\/2021\/01\/marica.jpg","jetpack_sharing_enabled":true,"jetpack_shortlink":"https:\/\/wp.me\/p6id8p-lO7","_links":{"self":[{"href":"https:\/\/formalprision.com\/index.php?rest_route=\/wp\/v2\/posts\/83831","targetHints":{"allow":["GET"]}}],"collection":[{"href":"https:\/\/formalprision.com\/index.php?rest_route=\/wp\/v2\/posts"}],"about":[{"href":"https:\/\/formalprision.com\/index.php?rest_route=\/wp\/v2\/types\/post"}],"author":[{"embeddable":true,"href":"https:\/\/formalprision.com\/index.php?rest_route=\/wp\/v2\/users\/2"}],"replies":[{"embeddable":true,"href":"https:\/\/formalprision.com\/index.php?rest_route=%2Fwp%2Fv2%2Fcomments&post=83831"}],"version-history":[{"count":0,"href":"https:\/\/formalprision.com\/index.php?rest_route=\/wp\/v2\/posts\/83831\/revisions"}],"wp:featuredmedia":[{"embeddable":true,"href":"https:\/\/formalprision.com\/index.php?rest_route=\/wp\/v2\/media\/83833"}],"wp:attachment":[{"href":"https:\/\/formalprision.com\/index.php?rest_route=%2Fwp%2Fv2%2Fmedia&parent=83831"}],"wp:term":[{"taxonomy":"category","embeddable":true,"href":"https:\/\/formalprision.com\/index.php?rest_route=%2Fwp%2Fv2%2Fcategories&post=83831"},{"taxonomy":"post_tag","embeddable":true,"href":"https:\/\/formalprision.com\/index.php?rest_route=%2Fwp%2Fv2%2Ftags&post=83831"}],"curies":[{"name":"wp","href":"https:\/\/api.w.org\/{rel}","templated":true}]}}