{"id":8390,"date":"2011-04-25T20:26:00","date_gmt":"2011-04-25T20:26:00","guid":{"rendered":"http:\/\/formalprision.info\/2011\/04\/25\/trio-de-ladrones-de-equipo-de-computo\/"},"modified":"2015-06-03T08:57:33","modified_gmt":"2015-06-03T08:57:33","slug":"trio-de-ladrones-de-equipo-de-computo","status":"publish","type":"post","link":"https:\/\/formalprision.com\/?p=8390","title":{"rendered":"Tr\u00edo de ladrones de equipo de c\u00f3mputo al botell\u00f3n"},"content":{"rendered":"<p><a href=\"http:\/\/2.bp.blogspot.com\/-vEg6XvpSJQY\/TbXxWIk-kcI\/AAAAAAAADKo\/GR5JD31SdG0\/s1600\/aaaaasaltadores.jpg\"><img decoding=\"async\" id=\"BLOGGER_PHOTO_ID_5599647074267075010\" style=\"FLOAT: left; MARGIN: 0px 10px 10px 0px; WIDTH: 320px; CURSOR: hand; HEIGHT: 213px\" alt=\"\" src=\"http:\/\/formalprision.com\/wp-content\/uploads\/2011\/04\/aaaaasaltadores.jpg\" border=\"0\" \/><\/a><\/p>\n<div>Elementos de la Secretar\u00eda de Seguridad P\u00fablica lograron la<br \/>detenci\u00f3n de Joaqu\u00ecn Herrera Cobos, An\u00edbal Enrique Medina G\u00f3ngora y<br \/>Juan Manuel Balam Ercila de 44, 34 y 27 a\u00f1os respectivamente, acusados<br \/>de robo en el negocio \u00abRetorner de M\u00e8rida\u00bb de la calle 33 por 48 y 46<br \/>de la colonia Jes\u00fas Carranza.<\/p>\n<p>El vigilante del comercio escuch\u00f3 ruidos provenientes de la puerta<br \/>principal del negocio durante la ma\u00f1ana de ayer, al acercarse vio<br \/>salir con los art\u00edculos de computo a los tres sujetos, la polic\u00eda<br \/>ubic\u00f3 a los ladrones que fueron detenidos a unas calles de sus<br \/>domicilios en la misma colonia .<\/p>\n<p>Usando un martillo, un cincel y un desarmador forzaron el protector de<br \/>una ventana y por ahi se introdujeron. Se llevaron 2 monitores junto<br \/>con sus teclados, 1 disco duro externo HP, 2 mouse, 2 cpus y 1<br \/>ruteador.<\/p>\n<p>Dos de los detenidos tienen ingresos anteriores a la c\u00e1rcel, Medina<br \/>G\u00f3ngora el pasado 23 de marzo fue denunciado por robo a un predio de<br \/>la colonia Jes\u00fas Carranza y en 2009 ingres\u00f3 por alterar el orden con<br \/>arma blanca por el mismo delito fue detenido Herrera Cobos.<\/p>\n<p>Los tres sujetos fueron consignados al Ministerio P\u00fablico.<\/div>\n","protected":false},"excerpt":{"rendered":"<p>Elementos de la Secretar\u00eda de Seguridad P\u00fablica lograron ladetenci\u00f3n de Joaqu\u00ecn Herrera Cobos, An\u00edbal Enrique Medina G\u00f3ngora yJuan Manuel Balam Ercila de 44, 34 y 27 a\u00f1os respectivamente, acusadosde robo<\/p>\n","protected":false},"author":1,"featured_media":26767,"comment_status":"open","ping_status":"open","sticky":false,"template":"","format":"standard","meta":{"jetpack_post_was_ever_published":false,"_jetpack_newsletter_access":"","_jetpack_dont_email_post_to_subs":false,"_jetpack_newsletter_tier_id":0,"_jetpack_memberships_contains_paywalled_content":false,"_jetpack_memberships_contains_paid_content":false,"footnotes":"","jetpack_publicize_message":"","jetpack_publicize_feature_enabled":true,"jetpack_social_post_already_shared":false,"jetpack_social_options":{"image_generator_settings":{"template":"highway","default_image_id":0,"font":"","enabled":false},"version":2}},"categories":[3,57,1],"tags":[],"class_list":["post-8390","post","type-post","status-publish","format-standard","has-post-thumbnail","hentry","category-portada","category-ratas","category-sin-categoria"],"jetpack_publicize_connections":[],"jetpack_featured_media_url":"https:\/\/formalprision.com\/wp-content\/uploads\/2011\/04\/aaaaasaltadores.jpg","jetpack_sharing_enabled":true,"jetpack_shortlink":"https:\/\/wp.me\/p6id8p-2bk","_links":{"self":[{"href":"https:\/\/formalprision.com\/index.php?rest_route=\/wp\/v2\/posts\/8390","targetHints":{"allow":["GET"]}}],"collection":[{"href":"https:\/\/formalprision.com\/index.php?rest_route=\/wp\/v2\/posts"}],"about":[{"href":"https:\/\/formalprision.com\/index.php?rest_route=\/wp\/v2\/types\/post"}],"author":[{"embeddable":true,"href":"https:\/\/formalprision.com\/index.php?rest_route=\/wp\/v2\/users\/1"}],"replies":[{"embeddable":true,"href":"https:\/\/formalprision.com\/index.php?rest_route=%2Fwp%2Fv2%2Fcomments&post=8390"}],"version-history":[{"count":0,"href":"https:\/\/formalprision.com\/index.php?rest_route=\/wp\/v2\/posts\/8390\/revisions"}],"wp:featuredmedia":[{"embeddable":true,"href":"https:\/\/formalprision.com\/index.php?rest_route=\/wp\/v2\/media\/26767"}],"wp:attachment":[{"href":"https:\/\/formalprision.com\/index.php?rest_route=%2Fwp%2Fv2%2Fmedia&parent=8390"}],"wp:term":[{"taxonomy":"category","embeddable":true,"href":"https:\/\/formalprision.com\/index.php?rest_route=%2Fwp%2Fv2%2Fcategories&post=8390"},{"taxonomy":"post_tag","embeddable":true,"href":"https:\/\/formalprision.com\/index.php?rest_route=%2Fwp%2Fv2%2Ftags&post=8390"}],"curies":[{"name":"wp","href":"https:\/\/api.w.org\/{rel}","templated":true}]}}