{"id":8392,"date":"2011-04-25T16:24:00","date_gmt":"2011-04-25T16:24:00","guid":{"rendered":"http:\/\/formalprision.info\/2011\/04\/25\/pandillas-de-merida-se-enfrentan-en-e\/"},"modified":"2015-06-03T08:57:33","modified_gmt":"2015-06-03T08:57:33","slug":"pandillas-de-merida-se-enfrentan-en-e","status":"publish","type":"post","link":"https:\/\/formalprision.com\/?p=8392","title":{"rendered":"Pandillas de M\u00e9rida se enfrentan en el malec\u00f3n de Progreso; 10 detenidos"},"content":{"rendered":"<p><a href=\"http:\/\/3.bp.blogspot.com\/-viZEL65LsUU\/TbWU_n8VkdI\/AAAAAAAADKY\/T8f39lbU42Q\/s1600\/aaaaseagarraronamadra.jpg\"><img decoding=\"async\" id=\"BLOGGER_PHOTO_ID_5599545532479803858\" style=\"FLOAT: left; MARGIN: 0px 10px 10px 0px; WIDTH: 320px; CURSOR: hand; HEIGHT: 262px\" alt=\"\" src=\"http:\/\/formalprision.com\/wp-content\/uploads\/2011\/04\/aaaaseagarraronamadra.jpg\" border=\"0\" \/><\/a><\/p>\n<div>Una espectacular movilizaci\u00f3n policiaca se vivi\u00f3 ayer en Progreso por un pleito entre pandillas de M\u00e9rida.<\/div>\n<div>10 personas fueron detenidas en el malec\u00f3n, luego de que varios pandilleros meridanos armaran una batalla campal a un costado del monumento a Juan Miguel Castro.<\/div>\n<div>El movimiento de agentes polic\u00edacos, m\u00e1s de treinta, ocurri\u00f3 cuando los dos bandos se cruzaron en el malec\u00f3n, cerca de la glorieta, y se insultaron para luego liarse a golpes poniendo en peligro a decenas de familias del lugar.<\/div>\n<div>Trascendi\u00f3 que los grupos que se enfrentaron son integrantes de las bandas del sur de M\u00e9rida denominadas \u00abLa Banda del Silencio\u00bb y otros de las agrupaciones \u00abSur 13\u00bb y \u00abLos Primos\u00bb.<\/div>\n<div>Los v\u00e1ndalos se golpearon ferozmente y algunos hasta mostraron armas blancas, pero gracias a la r\u00e1pida intervenci\u00f3n de los agentes de la Secretar\u00eda de Seguridad P\u00fablica, se logr\u00f3 controlar la situaci\u00f3n y no hubo lesionados.<\/div>\n<div>Agentes municipales, con apoyo de la Polic\u00eda Tur\u00edstica tambi\u00e9n apoyaron para contener la gresca, que arremolin\u00f3 a numerosos curiosos en el sitio.<\/div>\n<p><\/p>\n<div>Los rijosos, en estado de ebriedad, fueron sometidos y subidos a varias patrullas para ser trasladados al edificio de la corporaci\u00f3n.<\/div>\n<p><\/p>\n<div>Otros lograron emprender la hu\u00edda ante la presencia de los agentes.<\/div>\n<p><\/p>\n<div>(Con informaci\u00f3n de ProgresoHoy.com)<\/div>\n","protected":false},"excerpt":{"rendered":"<p>Una espectacular movilizaci\u00f3n policiaca se vivi\u00f3 ayer en Progreso por un pleito entre pandillas de M\u00e9rida. 10 personas fueron detenidas en el malec\u00f3n, luego de que varios pandilleros meridanos armaran<\/p>\n","protected":false},"author":1,"featured_media":26771,"comment_status":"open","ping_status":"open","sticky":false,"template":"","format":"standard","meta":{"jetpack_post_was_ever_published":false,"_jetpack_newsletter_access":"","_jetpack_dont_email_post_to_subs":false,"_jetpack_newsletter_tier_id":0,"_jetpack_memberships_contains_paywalled_content":false,"_jetpack_memberships_contains_paid_content":false,"footnotes":"","jetpack_publicize_message":"","jetpack_publicize_feature_enabled":true,"jetpack_social_post_already_shared":false,"jetpack_social_options":{"image_generator_settings":{"template":"highway","default_image_id":0,"font":"","enabled":false},"version":2}},"categories":[50,3,1],"tags":[],"class_list":["post-8392","post","type-post","status-publish","format-standard","has-post-thumbnail","hentry","category-machines","category-portada","category-sin-categoria"],"jetpack_publicize_connections":[],"jetpack_featured_media_url":"https:\/\/formalprision.com\/wp-content\/uploads\/2011\/04\/aaaaseagarraronamadra.jpg","jetpack_sharing_enabled":true,"jetpack_shortlink":"https:\/\/wp.me\/p6id8p-2bm","_links":{"self":[{"href":"https:\/\/formalprision.com\/index.php?rest_route=\/wp\/v2\/posts\/8392","targetHints":{"allow":["GET"]}}],"collection":[{"href":"https:\/\/formalprision.com\/index.php?rest_route=\/wp\/v2\/posts"}],"about":[{"href":"https:\/\/formalprision.com\/index.php?rest_route=\/wp\/v2\/types\/post"}],"author":[{"embeddable":true,"href":"https:\/\/formalprision.com\/index.php?rest_route=\/wp\/v2\/users\/1"}],"replies":[{"embeddable":true,"href":"https:\/\/formalprision.com\/index.php?rest_route=%2Fwp%2Fv2%2Fcomments&post=8392"}],"version-history":[{"count":0,"href":"https:\/\/formalprision.com\/index.php?rest_route=\/wp\/v2\/posts\/8392\/revisions"}],"wp:featuredmedia":[{"embeddable":true,"href":"https:\/\/formalprision.com\/index.php?rest_route=\/wp\/v2\/media\/26771"}],"wp:attachment":[{"href":"https:\/\/formalprision.com\/index.php?rest_route=%2Fwp%2Fv2%2Fmedia&parent=8392"}],"wp:term":[{"taxonomy":"category","embeddable":true,"href":"https:\/\/formalprision.com\/index.php?rest_route=%2Fwp%2Fv2%2Fcategories&post=8392"},{"taxonomy":"post_tag","embeddable":true,"href":"https:\/\/formalprision.com\/index.php?rest_route=%2Fwp%2Fv2%2Ftags&post=8392"}],"curies":[{"name":"wp","href":"https:\/\/api.w.org\/{rel}","templated":true}]}}