{"id":8399,"date":"2011-04-22T23:42:00","date_gmt":"2011-04-22T23:42:00","guid":{"rendered":"http:\/\/formalprision.info\/2011\/04\/22\/de-origen-pasional-el-crimen-de\/"},"modified":"2015-06-03T08:57:35","modified_gmt":"2015-06-03T08:57:35","slug":"de-origen-pasional-el-crimen-de","status":"publish","type":"post","link":"https:\/\/formalprision.com\/?p=8399","title":{"rendered":"De origen pasional, el crimen del encargado del bar El Rat\u00f3n"},"content":{"rendered":"<p><a href=\"http:\/\/1.bp.blogspot.com\/-2qbeFdVZSBU\/TbElPR78uaI\/AAAAAAAADJY\/u_mSNtK8ao4\/s1600\/aaaseloescabecharon.jpg\"><img decoding=\"async\" id=\"BLOGGER_PHOTO_ID_5598296756241349026\" style=\"FLOAT: left; MARGIN: 0px 10px 10px 0px; WIDTH: 320px; CURSOR: hand; HEIGHT: 240px\" alt=\"\" src=\"http:\/\/formalprision.com\/wp-content\/uploads\/2011\/04\/aaaseloescabecharon.jpg\" border=\"0\" \/><\/a><\/p>\n<div>El homicidio del encargado del bar El Rat\u00f3n fue por motivos pasionales.<\/div>\n<div>La investigaci\u00f3n de la Fiscal\u00eda apunta a una venganza de tipo pasional, por una relaci\u00f3n amorosa del sujeto con otra persona, aparentemente del mismo sexo.<\/div>\n<div>Mois\u00e9s Garc\u00eda, de 53 a\u00f1os de edad, fue asesinado con arma blanca, en la calle 52 por 63 y 65, en la parte alta del bar del que era encargado.<\/div>\n<div>La Polic\u00eda Ministerial busca al sujeto que asesin\u00f3 al encargado del bar y se espera qque de un momento a otro lo detenga, pues est\u00e1 ya casi identificado.<\/div>\n<div><\/div>\n","protected":false},"excerpt":{"rendered":"<p>El homicidio del encargado del bar El Rat\u00f3n fue por motivos pasionales. La investigaci\u00f3n de la Fiscal\u00eda apunta a una venganza de tipo pasional, por una relaci\u00f3n amorosa del sujeto<\/p>\n","protected":false},"author":1,"featured_media":26784,"comment_status":"open","ping_status":"open","sticky":false,"template":"","format":"standard","meta":{"jetpack_post_was_ever_published":false,"_jetpack_newsletter_access":"","_jetpack_dont_email_post_to_subs":false,"_jetpack_newsletter_tier_id":0,"_jetpack_memberships_contains_paywalled_content":false,"_jetpack_memberships_contains_paid_content":false,"footnotes":"","jetpack_publicize_message":"","jetpack_publicize_feature_enabled":true,"jetpack_social_post_already_shared":false,"jetpack_social_options":{"image_generator_settings":{"template":"highway","default_image_id":0,"font":"","enabled":false},"version":2}},"categories":[59,3,1],"tags":[],"class_list":["post-8399","post","type-post","status-publish","format-standard","has-post-thumbnail","hentry","category-asesinos","category-portada","category-sin-categoria"],"jetpack_publicize_connections":[],"jetpack_featured_media_url":"https:\/\/formalprision.com\/wp-content\/uploads\/2011\/04\/aaaseloescabecharon.jpg","jetpack_sharing_enabled":true,"jetpack_shortlink":"https:\/\/wp.me\/p6id8p-2bt","_links":{"self":[{"href":"https:\/\/formalprision.com\/index.php?rest_route=\/wp\/v2\/posts\/8399","targetHints":{"allow":["GET"]}}],"collection":[{"href":"https:\/\/formalprision.com\/index.php?rest_route=\/wp\/v2\/posts"}],"about":[{"href":"https:\/\/formalprision.com\/index.php?rest_route=\/wp\/v2\/types\/post"}],"author":[{"embeddable":true,"href":"https:\/\/formalprision.com\/index.php?rest_route=\/wp\/v2\/users\/1"}],"replies":[{"embeddable":true,"href":"https:\/\/formalprision.com\/index.php?rest_route=%2Fwp%2Fv2%2Fcomments&post=8399"}],"version-history":[{"count":0,"href":"https:\/\/formalprision.com\/index.php?rest_route=\/wp\/v2\/posts\/8399\/revisions"}],"wp:featuredmedia":[{"embeddable":true,"href":"https:\/\/formalprision.com\/index.php?rest_route=\/wp\/v2\/media\/26784"}],"wp:attachment":[{"href":"https:\/\/formalprision.com\/index.php?rest_route=%2Fwp%2Fv2%2Fmedia&parent=8399"}],"wp:term":[{"taxonomy":"category","embeddable":true,"href":"https:\/\/formalprision.com\/index.php?rest_route=%2Fwp%2Fv2%2Fcategories&post=8399"},{"taxonomy":"post_tag","embeddable":true,"href":"https:\/\/formalprision.com\/index.php?rest_route=%2Fwp%2Fv2%2Ftags&post=8399"}],"curies":[{"name":"wp","href":"https:\/\/api.w.org\/{rel}","templated":true}]}}