{"id":8401,"date":"2011-04-21T22:47:00","date_gmt":"2011-04-21T22:47:00","guid":{"rendered":"http:\/\/formalprision.info\/2011\/04\/21\/fallece-la-nina-que-resulto-herida-en\/"},"modified":"2015-06-03T08:57:35","modified_gmt":"2015-06-03T08:57:35","slug":"fallece-la-nina-que-resulto-herida-en","status":"publish","type":"post","link":"https:\/\/formalprision.com\/?p=8401","title":{"rendered":"Fallece la ni\u00f1a que result\u00f3 herida en volcadura cerca de la Cl\u00ednica de M\u00e9rida"},"content":{"rendered":"<p><a href=\"http:\/\/4.bp.blogspot.com\/-RznV-CmAkgo\/TbBmt1Ba8cI\/AAAAAAAADJI\/fvb_jY5sZUE\/s1600\/aaamuriolapobre.jpg\"><img decoding=\"async\" id=\"BLOGGER_PHOTO_ID_5598087274334712258\" style=\"FLOAT: left; MARGIN: 0px 10px 10px 0px; WIDTH: 320px; CURSOR: hand; HEIGHT: 243px\" alt=\"\" src=\"http:\/\/formalprision.com\/wp-content\/uploads\/2011\/04\/aaamuriolapobre.jpg\" border=\"0\" \/><\/a><\/p>\n<div>Un d\u00eda despu\u00e9s de tremendo choque en la avenida Itzaes una de las menores lesionadas en el accidente falleci\u00f3.<br \/>La ni\u00f1a I.F.D, de 1 a\u00f1o de edad, muri\u00f3 en la Cl\u00ednica de M\u00e9rida.<br \/>Viv\u00eda con sus padres en la Colonia Centenario de Tecoh.<br \/>El accidente tuvo lugar el martes a las 3:30 de la tarde en la calle 25 con Avenida Itz\u00e1es, cerca de la Cl\u00ednica de M\u00e9rida.<br \/>Juan Manuel Flores Mart\u00edn, padre de la ni\u00f1a, conduc\u00eda de norte a sur un Volkswagen Sed\u00e1n placas YZX-4838, pero no respet\u00f3 la la luz roja del sem\u00e1foro y se impact\u00f3 contra una camioneta Dakota placas YP-66205.<br \/>La camioneta, que termin\u00f3 volcada, era conducida por Jos\u00e9 Alberto Borges, quien result\u00f3 herido,<br \/>Del volchito resultaron lesionados Rosa D\u00edaz, esposa del conductor y sus dos hijos menores, entre ellos la ni\u00f1a que falleci\u00f3 despu\u00e9s.<br \/>La foto es de un usuario de Twitter<\/div>\n","protected":false},"excerpt":{"rendered":"<p>Un d\u00eda despu\u00e9s de tremendo choque en la avenida Itzaes una de las menores lesionadas en el accidente falleci\u00f3.La ni\u00f1a I.F.D, de 1 a\u00f1o de edad, muri\u00f3 en la Cl\u00ednica<\/p>\n","protected":false},"author":1,"featured_media":26788,"comment_status":"open","ping_status":"open","sticky":false,"template":"","format":"standard","meta":{"jetpack_post_was_ever_published":false,"_jetpack_newsletter_access":"","_jetpack_dont_email_post_to_subs":false,"_jetpack_newsletter_tier_id":0,"_jetpack_memberships_contains_paywalled_content":false,"_jetpack_memberships_contains_paid_content":false,"footnotes":"","jetpack_publicize_message":"","jetpack_publicize_feature_enabled":true,"jetpack_social_post_already_shared":false,"jetpack_social_options":{"image_generator_settings":{"template":"highway","default_image_id":0,"font":"","enabled":false},"version":2}},"categories":[44,3,1],"tags":[],"class_list":["post-8401","post","type-post","status-publish","format-standard","has-post-thumbnail","hentry","category-morgue","category-portada","category-sin-categoria"],"jetpack_publicize_connections":[],"jetpack_featured_media_url":"https:\/\/formalprision.com\/wp-content\/uploads\/2011\/04\/aaamuriolapobre.jpg","jetpack_sharing_enabled":true,"jetpack_shortlink":"https:\/\/wp.me\/p6id8p-2bv","_links":{"self":[{"href":"https:\/\/formalprision.com\/index.php?rest_route=\/wp\/v2\/posts\/8401","targetHints":{"allow":["GET"]}}],"collection":[{"href":"https:\/\/formalprision.com\/index.php?rest_route=\/wp\/v2\/posts"}],"about":[{"href":"https:\/\/formalprision.com\/index.php?rest_route=\/wp\/v2\/types\/post"}],"author":[{"embeddable":true,"href":"https:\/\/formalprision.com\/index.php?rest_route=\/wp\/v2\/users\/1"}],"replies":[{"embeddable":true,"href":"https:\/\/formalprision.com\/index.php?rest_route=%2Fwp%2Fv2%2Fcomments&post=8401"}],"version-history":[{"count":0,"href":"https:\/\/formalprision.com\/index.php?rest_route=\/wp\/v2\/posts\/8401\/revisions"}],"wp:featuredmedia":[{"embeddable":true,"href":"https:\/\/formalprision.com\/index.php?rest_route=\/wp\/v2\/media\/26788"}],"wp:attachment":[{"href":"https:\/\/formalprision.com\/index.php?rest_route=%2Fwp%2Fv2%2Fmedia&parent=8401"}],"wp:term":[{"taxonomy":"category","embeddable":true,"href":"https:\/\/formalprision.com\/index.php?rest_route=%2Fwp%2Fv2%2Fcategories&post=8401"},{"taxonomy":"post_tag","embeddable":true,"href":"https:\/\/formalprision.com\/index.php?rest_route=%2Fwp%2Fv2%2Ftags&post=8401"}],"curies":[{"name":"wp","href":"https:\/\/api.w.org\/{rel}","templated":true}]}}