{"id":8404,"date":"2011-04-21T16:15:00","date_gmt":"2011-04-21T16:15:00","guid":{"rendered":"http:\/\/formalprision.info\/2011\/04\/21\/se-escabechan-al-encargado-de-un-bar\/"},"modified":"2015-06-03T08:57:37","modified_gmt":"2015-06-03T08:57:37","slug":"se-escabechan-al-encargado-de-un-bar","status":"publish","type":"post","link":"https:\/\/formalprision.com\/?p=8404","title":{"rendered":"Se escabechan al encargado de un bar del centro de M\u00e9rida"},"content":{"rendered":"<p>Esta ma\u00f1ana fue encontrado asesinado en su departamento el encargado d elbar E\u00f1 Rat\u00f3n\u00bb, ubicado en el centro de M\u00e9rida.<br \/>Mois\u00e9s Garc\u00eda, de 53 a\u00f1os de edad, fue asesinado con arma blanca, en la calle 52 por 63 y 65.<br \/>Presentaba una herida en el cuello, casi en la yugular, por lo que muri\u00f3d esangrado en poco tiempo.<br \/>La Polic\u00eda Ministerial y peritos de la Fiscal\u00eda General del Estado se presentaron al sitio para levantar el cad\u00e1ver y comenzar las pesquisas.<br \/>Se sospecha de algunos parroquianos del bar. \u00f9es entre ellos hay mucho malvivientes.<\/p>\n","protected":false},"excerpt":{"rendered":"<p>Esta ma\u00f1ana fue encontrado asesinado en su departamento el encargado d elbar E\u00f1 Rat\u00f3n\u00bb, ubicado en el centro de M\u00e9rida.Mois\u00e9s Garc\u00eda, de 53 a\u00f1os de edad, fue asesinado con arma<\/p>\n","protected":false},"author":1,"featured_media":0,"comment_status":"open","ping_status":"open","sticky":false,"template":"","format":"standard","meta":{"jetpack_post_was_ever_published":false,"_jetpack_newsletter_access":"","_jetpack_dont_email_post_to_subs":false,"_jetpack_newsletter_tier_id":0,"_jetpack_memberships_contains_paywalled_content":false,"_jetpack_memberships_contains_paid_content":false,"footnotes":"","jetpack_publicize_message":"","jetpack_publicize_feature_enabled":true,"jetpack_social_post_already_shared":false,"jetpack_social_options":{"image_generator_settings":{"template":"highway","default_image_id":0,"font":"","enabled":false},"version":2}},"categories":[59,3,1],"tags":[],"class_list":["post-8404","post","type-post","status-publish","format-standard","hentry","category-asesinos","category-portada","category-sin-categoria"],"jetpack_publicize_connections":[],"jetpack_featured_media_url":"","jetpack_sharing_enabled":true,"jetpack_shortlink":"https:\/\/wp.me\/p6id8p-2by","_links":{"self":[{"href":"https:\/\/formalprision.com\/index.php?rest_route=\/wp\/v2\/posts\/8404","targetHints":{"allow":["GET"]}}],"collection":[{"href":"https:\/\/formalprision.com\/index.php?rest_route=\/wp\/v2\/posts"}],"about":[{"href":"https:\/\/formalprision.com\/index.php?rest_route=\/wp\/v2\/types\/post"}],"author":[{"embeddable":true,"href":"https:\/\/formalprision.com\/index.php?rest_route=\/wp\/v2\/users\/1"}],"replies":[{"embeddable":true,"href":"https:\/\/formalprision.com\/index.php?rest_route=%2Fwp%2Fv2%2Fcomments&post=8404"}],"version-history":[{"count":0,"href":"https:\/\/formalprision.com\/index.php?rest_route=\/wp\/v2\/posts\/8404\/revisions"}],"wp:attachment":[{"href":"https:\/\/formalprision.com\/index.php?rest_route=%2Fwp%2Fv2%2Fmedia&parent=8404"}],"wp:term":[{"taxonomy":"category","embeddable":true,"href":"https:\/\/formalprision.com\/index.php?rest_route=%2Fwp%2Fv2%2Fcategories&post=8404"},{"taxonomy":"post_tag","embeddable":true,"href":"https:\/\/formalprision.com\/index.php?rest_route=%2Fwp%2Fv2%2Ftags&post=8404"}],"curies":[{"name":"wp","href":"https:\/\/api.w.org\/{rel}","templated":true}]}}