{"id":84255,"date":"2021-02-04T12:36:21","date_gmt":"2021-02-04T17:36:21","guid":{"rendered":"http:\/\/formalprision.com\/?p=84255"},"modified":"2021-02-05T11:57:45","modified_gmt":"2021-02-05T16:57:45","slug":"gobierno-de-amlo-llama-a-casa-de-adultos-mayores-fallecidos-para-invitarlos-a-vacunarse","status":"publish","type":"post","link":"https:\/\/formalprision.com\/?p=84255","title":{"rendered":"Gobierno de AMLO llama a casa de adultos mayores fallecidos para invitarlos a vacunarse"},"content":{"rendered":"\n<p>Diversas personas han notificado que el&nbsp;<strong>gobierno federa<\/strong>l est\u00e1 llamando a los&nbsp;<strong>adultos mayores<\/strong>&nbsp;que ya&nbsp;<strong>fallecieron<\/strong>&nbsp;para invitarlos a<strong>&nbsp;vacunarse contra la COVID-19.<\/strong><\/p>\n\n\n\n<p>El Gobierno Federal hab\u00eda acordado que los&nbsp;<strong>Servidores de la Naci\u00f3n<\/strong>&nbsp;contactar\u00edan v\u00eda telef\u00f3nica a los adultos de la tercera edad, no obstante, habilitaron la p\u00e1gina web \u201c<strong>Mi vacuna<\/strong>\u201d para que tambi\u00e9n se registren por ese medio.<\/p>\n\n\n\n<p>A trav\u00e9s del noticiero de&nbsp;<strong>Ciro G\u00f3mez Leyva en Radio F\u00f3rmula<\/strong>&nbsp;se dio a conocer que los llamados Servidores de la Naci\u00f3n, quienes trabajan directamente en los&nbsp;<strong>Programas Bienestar<\/strong>&nbsp;que otorgan apoyos econ\u00f3micos a las personas de la tercera edad, hablan por tel\u00e9fono buscando a adultos que ya fallecieron pese a que, se supone, el padr\u00f3n se actualiza cada dos meses.<\/p>\n\n\n\n<p>Tal es el caso de Judith, quien recibi\u00f3 una&nbsp;<strong>llamada v\u00eda telef\u00f3nica<\/strong>&nbsp;de un Servidor de la Naci\u00f3n preguntando por su mam\u00e1, quien falleci\u00f3 hace un a\u00f1o. Al cuestionarle del porque le llamaban, el funcionario le asegur\u00f3 que era para la vacunaci\u00f3n, sin embargo, la mam\u00e1 de Judith no formaba parte de ning\u00fan programa de Bienestar, ya que la hab\u00edan dado de baja meses antes de su fallecimiento.<\/p>\n\n\n\n<p>\u201cSe supone que mi mam\u00e1 estaba dada de baja porque le dijeron que no cumpl\u00eda con los requisitos, antes de que muriera. No s\u00e9 por qu\u00e9 a\u00fan tienen mis datos\u201d, asever\u00f3 Judith.<\/p>\n\n\n\n<p>A esto, es necesario recordar que la baja de los&nbsp;<strong>programas de Bienestar<\/strong>&nbsp;se dan por fallecimiento, cuando se da informaci\u00f3n falsa, cuando se da de baja voluntariamente o cuando no se cumple requisitos.<\/p>\n\n\n\n<p>Cabe mencionar que el Gobierno Federal dio a conocer que a principios de este mes comenzar\u00edan con la Fase 2 de la&nbsp;<strong>Jornada de Vacunaci\u00f3n<\/strong>, la cual abarca al sector de los adultos mayores de 60 a\u00f1os que habitan en todo el pa\u00eds.<\/p>\n","protected":false},"excerpt":{"rendered":"<p>Diversas personas han notificado que el&nbsp;gobierno federal est\u00e1 llamando a los&nbsp;adultos mayores&nbsp;que ya&nbsp;fallecieron&nbsp;para invitarlos a&nbsp;vacunarse contra la COVID-19. El Gobierno Federal hab\u00eda acordado que los&nbsp;Servidores de la Naci\u00f3n&nbsp;contactar\u00edan v\u00eda telef\u00f3nica<\/p>\n","protected":false},"author":1,"featured_media":84256,"comment_status":"open","ping_status":"open","sticky":false,"template":"","format":"standard","meta":{"jetpack_post_was_ever_published":false,"_jetpack_newsletter_access":"","_jetpack_dont_email_post_to_subs":false,"_jetpack_newsletter_tier_id":0,"_jetpack_memberships_contains_paywalled_content":false,"_jetpack_memberships_contains_paid_content":false,"footnotes":"","jetpack_publicize_message":"Los Servidores de la Naci\u00f3n, quienes trabajan en los Programas Bienestar que otorgan apoyos econ\u00f3micos a las personas de la tercera edad, hablan por tel\u00e9fono buscando a adultos que ya fallecieron pese a que, se supone, el padr\u00f3n se actualiza cada 2 meses","jetpack_publicize_feature_enabled":true,"jetpack_social_post_already_shared":true,"jetpack_social_options":{"image_generator_settings":{"template":"highway","default_image_id":0,"font":"","enabled":false},"version":2}},"categories":[23,21],"tags":[],"class_list":["post-84255","post","type-post","status-publish","format-standard","has-post-thumbnail","hentry","category-del-mundo","category-nacionales"],"jetpack_publicize_connections":[],"jetpack_featured_media_url":"https:\/\/formalprision.com\/wp-content\/uploads\/2021\/02\/Screenshot_20210204_113214.jpg","jetpack_sharing_enabled":true,"jetpack_shortlink":"https:\/\/wp.me\/p6id8p-lUX","_links":{"self":[{"href":"https:\/\/formalprision.com\/index.php?rest_route=\/wp\/v2\/posts\/84255","targetHints":{"allow":["GET"]}}],"collection":[{"href":"https:\/\/formalprision.com\/index.php?rest_route=\/wp\/v2\/posts"}],"about":[{"href":"https:\/\/formalprision.com\/index.php?rest_route=\/wp\/v2\/types\/post"}],"author":[{"embeddable":true,"href":"https:\/\/formalprision.com\/index.php?rest_route=\/wp\/v2\/users\/1"}],"replies":[{"embeddable":true,"href":"https:\/\/formalprision.com\/index.php?rest_route=%2Fwp%2Fv2%2Fcomments&post=84255"}],"version-history":[{"count":0,"href":"https:\/\/formalprision.com\/index.php?rest_route=\/wp\/v2\/posts\/84255\/revisions"}],"wp:featuredmedia":[{"embeddable":true,"href":"https:\/\/formalprision.com\/index.php?rest_route=\/wp\/v2\/media\/84256"}],"wp:attachment":[{"href":"https:\/\/formalprision.com\/index.php?rest_route=%2Fwp%2Fv2%2Fmedia&parent=84255"}],"wp:term":[{"taxonomy":"category","embeddable":true,"href":"https:\/\/formalprision.com\/index.php?rest_route=%2Fwp%2Fv2%2Fcategories&post=84255"},{"taxonomy":"post_tag","embeddable":true,"href":"https:\/\/formalprision.com\/index.php?rest_route=%2Fwp%2Fv2%2Ftags&post=84255"}],"curies":[{"name":"wp","href":"https:\/\/api.w.org\/{rel}","templated":true}]}}