{"id":8426,"date":"2011-04-16T14:15:00","date_gmt":"2011-04-16T14:15:00","guid":{"rendered":"http:\/\/formalprision.info\/2011\/04\/16\/comienza-operativo-de-semana-santa-por\/"},"modified":"2015-06-03T08:57:40","modified_gmt":"2015-06-03T08:57:40","slug":"comienza-operativo-de-semana-santa-por","status":"publish","type":"post","link":"https:\/\/formalprision.com\/?p=8426","title":{"rendered":"Comienza operativo de Semana Santa por cielo, mar y tierra"},"content":{"rendered":"<p><a href=\"http:\/\/3.bp.blogspot.com\/-2WIynx8K0OM\/Tak4Txzo5NI\/AAAAAAAADGI\/KUcXkAAhcUc\/s1600\/aaaasspoperativo.jpg\"><img decoding=\"async\" id=\"BLOGGER_PHOTO_ID_5596065924423148754\" style=\"FLOAT: left; MARGIN: 0px 10px 10px 0px; WIDTH: 165px; CURSOR: hand; HEIGHT: 166px\" alt=\"\" src=\"http:\/\/formalprision.com\/wp-content\/uploads\/2011\/04\/aaaasspoperativo.jpg\" border=\"0\" \/><\/a> <\/p>\n<div>La Secretar\u00eda de Seguridad P\u00fablica puso en marcha esta ma\u00f1ana su operativo de seguridad y vigilancia con motivo de las vacaciones de Semana santa.<\/div>\n<p><\/p>\n<div>Tambi\u00e9n participan agentes de la Polic\u00eda Ministerial y elementos de la Polic\u00eda Federal.<\/div>\n<p><\/p>\n<div>El banderazo del inicio del programa se dio esta ma\u00f1ana en el estacionamiento del Centro de Convenciones Siglo XXI.<\/div>\n<p><\/p>\n<div>Participan antimotines, patrullas, motopatrullas, bomberos, ambulancias, gr\u00faas, unidades de auxilio v\u00edal, el escuadr\u00f3n de lanchas y el helic\u00f3ptero de la corporaci\u00f3n<\/div>\n<p><\/p>\n<div>Tras el banderazo, las unidades salieron en caravana hacia Progreso.<\/div>\n","protected":false},"excerpt":{"rendered":"<p>La Secretar\u00eda de Seguridad P\u00fablica puso en marcha esta ma\u00f1ana su operativo de seguridad y vigilancia con motivo de las vacaciones de Semana santa. Tambi\u00e9n participan agentes de la Polic\u00eda<\/p>\n","protected":false},"author":1,"featured_media":26831,"comment_status":"open","ping_status":"open","sticky":false,"template":"","format":"standard","meta":{"jetpack_post_was_ever_published":false,"_jetpack_newsletter_access":"","_jetpack_dont_email_post_to_subs":false,"_jetpack_newsletter_tier_id":0,"_jetpack_memberships_contains_paywalled_content":false,"_jetpack_memberships_contains_paid_content":false,"footnotes":"","jetpack_publicize_message":"","jetpack_publicize_feature_enabled":true,"jetpack_social_post_already_shared":false,"jetpack_social_options":{"image_generator_settings":{"template":"highway","default_image_id":0,"font":"","enabled":false},"version":2}},"categories":[3,1,49],"tags":[],"class_list":["post-8426","post","type-post","status-publish","format-standard","has-post-thumbnail","hentry","category-portada","category-sin-categoria","category-tocho-morocho"],"jetpack_publicize_connections":[],"jetpack_featured_media_url":"https:\/\/formalprision.com\/wp-content\/uploads\/2011\/04\/aaaasspoperativo.jpg","jetpack_sharing_enabled":true,"jetpack_shortlink":"https:\/\/wp.me\/p6id8p-2bU","_links":{"self":[{"href":"https:\/\/formalprision.com\/index.php?rest_route=\/wp\/v2\/posts\/8426","targetHints":{"allow":["GET"]}}],"collection":[{"href":"https:\/\/formalprision.com\/index.php?rest_route=\/wp\/v2\/posts"}],"about":[{"href":"https:\/\/formalprision.com\/index.php?rest_route=\/wp\/v2\/types\/post"}],"author":[{"embeddable":true,"href":"https:\/\/formalprision.com\/index.php?rest_route=\/wp\/v2\/users\/1"}],"replies":[{"embeddable":true,"href":"https:\/\/formalprision.com\/index.php?rest_route=%2Fwp%2Fv2%2Fcomments&post=8426"}],"version-history":[{"count":0,"href":"https:\/\/formalprision.com\/index.php?rest_route=\/wp\/v2\/posts\/8426\/revisions"}],"wp:featuredmedia":[{"embeddable":true,"href":"https:\/\/formalprision.com\/index.php?rest_route=\/wp\/v2\/media\/26831"}],"wp:attachment":[{"href":"https:\/\/formalprision.com\/index.php?rest_route=%2Fwp%2Fv2%2Fmedia&parent=8426"}],"wp:term":[{"taxonomy":"category","embeddable":true,"href":"https:\/\/formalprision.com\/index.php?rest_route=%2Fwp%2Fv2%2Fcategories&post=8426"},{"taxonomy":"post_tag","embeddable":true,"href":"https:\/\/formalprision.com\/index.php?rest_route=%2Fwp%2Fv2%2Ftags&post=8426"}],"curies":[{"name":"wp","href":"https:\/\/api.w.org\/{rel}","templated":true}]}}