{"id":84289,"date":"2021-02-05T09:34:46","date_gmt":"2021-02-05T14:34:46","guid":{"rendered":"http:\/\/formalprision.com\/?p=84289"},"modified":"2021-02-05T11:58:07","modified_gmt":"2021-02-05T16:58:07","slug":"gobierno-de-amlo-anuncia-15-eventos-emblematicos-para-2021","status":"publish","type":"post","link":"https:\/\/formalprision.com\/?p=84289","title":{"rendered":"Gobierno de AMLO anuncia 15 eventos emblem\u00e1ticos para 2021"},"content":{"rendered":"\n<p>El Gobierno de M\u00e9xico present\u00f3 el calendario de conmemoraciones emblem\u00e1ticas de 2021, el cual denomin\u00f3 A\u00f1o de la Independencia.<\/p>\n\n\n\n<p>En total ser\u00e1n 15 eventos los que se realizar\u00e1n entre febrero y septiembre del presente a\u00f1o, para conmemorar la fundaci\u00f3n de Tenochtitl\u00e1n, la Conquista y la Independencia de M\u00e9xico.<\/p>\n\n\n\n<p>En este 2021 celebramos los 200 a\u00f1os de la Consumaci\u00f3n de la Independencia el que todos debemos sentirnos orgullosos, pues su conmemoraci\u00f3n honrar\u00e1 nuestra memoria nacional rendir\u00e1 tributo a la diversidad \u00e9tnica, ling\u00fc\u00edstica y cultural de nuestra gran naci\u00f3n.<\/p>\n\n\n\n<p>\u00abAdem\u00e1s, en este a\u00f1o celebramos los 700 a\u00f1os de la fundaci\u00f3n de M\u00e9xico-Tenochtitl\u00e1n, la gran capital del impero mexica\u201d, dijo Olga S\u00e1nchez Cordero, titular de Gobernaci\u00f3n.<\/p>\n\n\n\n<p>El canciller Marcelo Ebrard apunt\u00f3 que con estos eventos \u201cno solo se recuerdan fechas sino tambi\u00e9n su interpretaci\u00f3n para nuestro presente y futuro\u201d.<\/p>\n\n\n\n<p>\u00abLo que M\u00e9xico va a demostrar es su confianza en s\u00ed mismo, en sus instituciones, en la democracia que se ha dado, en su civilizaci\u00f3n y en su perspectiva y peso en el mundo. Estamos invitando a la comunidad internacional a que nos acompa\u00f1en\u201d, destac\u00f3.<\/p>\n\n\n\n<p>Zo\u00e9 Robledo, titular del Instituto Mexicano del Seguro Social (IMSS), dio a conocer los 15 eventos que se llevar\u00e1n a cabo, que comenzar\u00e1n a partir del 14 de febrero con el 190 aniversario luctuoso de Vicente Guerrero, y culminar\u00e1n el 30 de septiembre con el natalicio de Jos\u00e9 Mar\u00eda Morelos y Pav\u00f3n.<\/p>\n","protected":false},"excerpt":{"rendered":"<p>El Gobierno de M\u00e9xico present\u00f3 el calendario de conmemoraciones emblem\u00e1ticas de 2021, el cual denomin\u00f3 A\u00f1o de la Independencia. En total ser\u00e1n 15 eventos los que se realizar\u00e1n entre febrero<\/p>\n","protected":false},"author":2,"featured_media":84291,"comment_status":"open","ping_status":"open","sticky":false,"template":"","format":"standard","meta":{"jetpack_post_was_ever_published":false,"_jetpack_newsletter_access":"","_jetpack_dont_email_post_to_subs":false,"_jetpack_newsletter_tier_id":0,"_jetpack_memberships_contains_paywalled_content":false,"_jetpack_memberships_contains_paid_content":false,"footnotes":"","jetpack_publicize_message":"","jetpack_publicize_feature_enabled":true,"jetpack_social_post_already_shared":true,"jetpack_social_options":{"image_generator_settings":{"template":"highway","default_image_id":0,"font":"","enabled":false},"version":2}},"categories":[23,21],"tags":[],"class_list":["post-84289","post","type-post","status-publish","format-standard","has-post-thumbnail","hentry","category-del-mundo","category-nacionales"],"jetpack_publicize_connections":[],"jetpack_featured_media_url":"https:\/\/formalprision.com\/wp-content\/uploads\/2021\/02\/festejos.jpg","jetpack_sharing_enabled":true,"jetpack_shortlink":"https:\/\/wp.me\/p6id8p-lVv","_links":{"self":[{"href":"https:\/\/formalprision.com\/index.php?rest_route=\/wp\/v2\/posts\/84289","targetHints":{"allow":["GET"]}}],"collection":[{"href":"https:\/\/formalprision.com\/index.php?rest_route=\/wp\/v2\/posts"}],"about":[{"href":"https:\/\/formalprision.com\/index.php?rest_route=\/wp\/v2\/types\/post"}],"author":[{"embeddable":true,"href":"https:\/\/formalprision.com\/index.php?rest_route=\/wp\/v2\/users\/2"}],"replies":[{"embeddable":true,"href":"https:\/\/formalprision.com\/index.php?rest_route=%2Fwp%2Fv2%2Fcomments&post=84289"}],"version-history":[{"count":0,"href":"https:\/\/formalprision.com\/index.php?rest_route=\/wp\/v2\/posts\/84289\/revisions"}],"wp:featuredmedia":[{"embeddable":true,"href":"https:\/\/formalprision.com\/index.php?rest_route=\/wp\/v2\/media\/84291"}],"wp:attachment":[{"href":"https:\/\/formalprision.com\/index.php?rest_route=%2Fwp%2Fv2%2Fmedia&parent=84289"}],"wp:term":[{"taxonomy":"category","embeddable":true,"href":"https:\/\/formalprision.com\/index.php?rest_route=%2Fwp%2Fv2%2Fcategories&post=84289"},{"taxonomy":"post_tag","embeddable":true,"href":"https:\/\/formalprision.com\/index.php?rest_route=%2Fwp%2Fv2%2Ftags&post=84289"}],"curies":[{"name":"wp","href":"https:\/\/api.w.org\/{rel}","templated":true}]}}