{"id":8450,"date":"2011-04-10T16:30:00","date_gmt":"2011-04-10T16:30:00","guid":{"rendered":"http:\/\/formalprision.info\/2011\/04\/10\/tabasquenos-ratas-la-carce\/"},"modified":"2015-06-03T08:57:44","modified_gmt":"2015-06-03T08:57:44","slug":"tabasquenos-ratas-la-carce","status":"publish","type":"post","link":"https:\/\/formalprision.com\/?p=8450","title":{"rendered":"Tabasque\u00f1os ratas a la c\u00e1rcel"},"content":{"rendered":"<p><a href=\"http:\/\/1.bp.blogspot.com\/-wKIIeCFTFMU\/TaEXr60-jFI\/AAAAAAAADDg\/A1EDmmaHvmc\/s1600\/aaaayabasqques.bmp\"><img decoding=\"async\" id=\"BLOGGER_PHOTO_ID_5593778255464139858\" style=\"FLOAT: left; MARGIN: 0px 10px 10px 0px; WIDTH: 320px; CURSOR: hand; HEIGHT: 240px\" alt=\"\" src=\"http:\/\/1.bp.blogspot.com\/-wKIIeCFTFMU\/TaEXr60-jFI\/AAAAAAAADDg\/A1EDmmaHvmc\/s320\/aaaayabasqques.bmp\" border=\"0\" \/><\/a> <\/p>\n<div>Jos\u00e9 Felipe Caraveo Caraveo y Jos\u00e9 Luis L\u00f3pez Guit\u00e9rrez, ambos tabasque\u00f1os y de 28 a\u00f1os de edad. fueron detenidos por elementos de la Secretar\u00eda de Seguridad P\u00fablica, por haberse apoderado de varios art\u00edculos de un predio del fraccionamiento Vergel.<\/div>\n<p><\/p>\n<div>Vecinos del lugar vieron salir apresudaramente a dos sujetos, de una casa marcada con el n\u00famero 165 de la calle 15-F por 6-A y 6-C, cargando unas bolsas negras.<\/div>\n<p><\/p>\n<div><\/div>\n<p><\/p>\n<div>Con las caracter\u00edsticas proporcionadas los individuos fueron localizados cerca del luga, en la calle 15-E por 6 y 4 del fraccionamiento Misn\u00e9, quienes al ver a los polic\u00edas dejan las bolsas en el suelo ye intentan darse a la fuga. <\/div>\n<p><\/p>\n<div>Ambos aceptaron haber entrado al predio y apropiarse de una c\u00e1mara digital, equipos reproductores de dvd, celulares, alhajas, entre otras cosas.<\/div>\n<p><\/p>\n<div><\/div>\n<p><\/p>\n<div>Los sujetos originarios de Tabasco fueron denunciados ante el Ministerio P\u00fablico. <\/div>\n","protected":false},"excerpt":{"rendered":"<p>Jos\u00e9 Felipe Caraveo Caraveo y Jos\u00e9 Luis L\u00f3pez Guit\u00e9rrez, ambos tabasque\u00f1os y de 28 a\u00f1os de edad. fueron detenidos por elementos de la Secretar\u00eda de Seguridad P\u00fablica, por haberse apoderado<\/p>\n","protected":false},"author":1,"featured_media":0,"comment_status":"open","ping_status":"open","sticky":false,"template":"","format":"standard","meta":{"jetpack_post_was_ever_published":false,"_jetpack_newsletter_access":"","_jetpack_dont_email_post_to_subs":false,"_jetpack_newsletter_tier_id":0,"_jetpack_memberships_contains_paywalled_content":false,"_jetpack_memberships_contains_paid_content":false,"footnotes":"","jetpack_publicize_message":"","jetpack_publicize_feature_enabled":true,"jetpack_social_post_already_shared":false,"jetpack_social_options":{"image_generator_settings":{"template":"highway","default_image_id":0,"font":"","enabled":false},"version":2}},"categories":[3,57,1],"tags":[],"class_list":["post-8450","post","type-post","status-publish","format-standard","hentry","category-portada","category-ratas","category-sin-categoria"],"jetpack_publicize_connections":[],"jetpack_featured_media_url":"","jetpack_sharing_enabled":true,"jetpack_shortlink":"https:\/\/wp.me\/p6id8p-2ci","_links":{"self":[{"href":"https:\/\/formalprision.com\/index.php?rest_route=\/wp\/v2\/posts\/8450","targetHints":{"allow":["GET"]}}],"collection":[{"href":"https:\/\/formalprision.com\/index.php?rest_route=\/wp\/v2\/posts"}],"about":[{"href":"https:\/\/formalprision.com\/index.php?rest_route=\/wp\/v2\/types\/post"}],"author":[{"embeddable":true,"href":"https:\/\/formalprision.com\/index.php?rest_route=\/wp\/v2\/users\/1"}],"replies":[{"embeddable":true,"href":"https:\/\/formalprision.com\/index.php?rest_route=%2Fwp%2Fv2%2Fcomments&post=8450"}],"version-history":[{"count":0,"href":"https:\/\/formalprision.com\/index.php?rest_route=\/wp\/v2\/posts\/8450\/revisions"}],"wp:attachment":[{"href":"https:\/\/formalprision.com\/index.php?rest_route=%2Fwp%2Fv2%2Fmedia&parent=8450"}],"wp:term":[{"taxonomy":"category","embeddable":true,"href":"https:\/\/formalprision.com\/index.php?rest_route=%2Fwp%2Fv2%2Fcategories&post=8450"},{"taxonomy":"post_tag","embeddable":true,"href":"https:\/\/formalprision.com\/index.php?rest_route=%2Fwp%2Fv2%2Ftags&post=8450"}],"curies":[{"name":"wp","href":"https:\/\/api.w.org\/{rel}","templated":true}]}}