{"id":8451,"date":"2011-04-10T15:13:00","date_gmt":"2011-04-10T15:13:00","guid":{"rendered":"http:\/\/formalprision.info\/2011\/04\/10\/llueve-maiz-en-el-periferico-por\/"},"modified":"2015-06-03T08:57:44","modified_gmt":"2015-06-03T08:57:44","slug":"llueve-maiz-en-el-periferico-por","status":"publish","type":"post","link":"https:\/\/formalprision.com\/?p=8451","title":{"rendered":"Llueve ma\u00edz en el Perif\u00e9rico por volcadura de un tr\u00e1iler cerca del Se\u00f1orial"},"content":{"rendered":"<p><a href=\"http:\/\/1.bp.blogspot.com\/-t4v90QXKfSM\/TaHKfCLFe1I\/AAAAAAAADEA\/U4t9IYfKEP8\/s1600\/aaaaaacaergavolcada.jpg\"><img decoding=\"async\" id=\"BLOGGER_PHOTO_ID_5593974846678989650\" style=\"FLOAT: left; MARGIN: 0px 10px 10px 0px; WIDTH: 320px; CURSOR: hand; HEIGHT: 234px\" alt=\"\" src=\"http:\/\/formalprision.com\/wp-content\/uploads\/2011\/04\/aaaaaacaergavolcada.jpg\" border=\"0\" \/><\/a> <\/p>\n<div>Un tr\u00e1\u00edler tipo g\u00f3ndola cargado con m\u00e1s de 18 toneladas de ma\u00edz se volc\u00f3 esta ma\u00f1ana en el Anillo Perif\u00e9rico.<\/div>\n<p><\/p>\n<div>La volcadura moviliz\u00f3 a la polic\u00eda y a los bomberos, quienes tuvieron que barrer durante un buen tiempo el ma\u00edz regado en el pavimento para permitir la circulaci\u00f3n vehicular.<\/div>\n<p><\/p>\n<div>El tr\u00e1nsito en el Perif\u00e9rico se vio afectado cerca de cuatro horas.<\/div>\n<p><\/p>\n<div>El accidente ocurri\u00e7o poco antes de las 7 de la ma\u00f1ana en el kil\u00f3metro 39 del Perif\u00e9rico, a unos 30 metros de la entrada al motel El Selorial,<\/div>\n<p><\/p>\n<div>El tr\u00e1iler de la empresa Atlante transitaba a exceso de velocidad y su conductor, al tomar la curva, no pudo controlar el volante, por lo que le gan\u00f3 el peso de la carga y la g\u00f3ndola se volte\u00f3.<\/div>\n<p><\/p>\n<div>La g\u00f3ndola se desprendi\u00f3 de su base, quedando a unos 40 metros una de otra.<\/div>\n<p><\/p>\n<div>Toda la carga que llevaba el tr\u00e1iler se vaci\u00f3 y los bomberos tuvieron que juntarla sobre un lado de la carretera para que los veh\u00edculos pudieran transitar.<\/div>\n<p><\/p>\n<div>De esa hora hasta las 10;30 de la ma\u00f1ana solo se pudo circular por un carril.<\/div>\n<p><\/p>\n<div>La carga regada se subi\u00f3 a dos camiones de la misma empresa, aunque mucho del ma\u00edz qued\u00f3 en en ese lugar para deleite de los p\u00e1jaros y de algunas personas.<\/div>\n<p><\/p>\n<div><\/div>\n","protected":false},"excerpt":{"rendered":"<p>Un tr\u00e1\u00edler tipo g\u00f3ndola cargado con m\u00e1s de 18 toneladas de ma\u00edz se volc\u00f3 esta ma\u00f1ana en el Anillo Perif\u00e9rico. La volcadura moviliz\u00f3 a la polic\u00eda y a los bomberos,<\/p>\n","protected":false},"author":1,"featured_media":26870,"comment_status":"open","ping_status":"open","sticky":false,"template":"","format":"standard","meta":{"jetpack_post_was_ever_published":false,"_jetpack_newsletter_access":"","_jetpack_dont_email_post_to_subs":false,"_jetpack_newsletter_tier_id":0,"_jetpack_memberships_contains_paywalled_content":false,"_jetpack_memberships_contains_paid_content":false,"footnotes":"","jetpack_publicize_message":"","jetpack_publicize_feature_enabled":true,"jetpack_social_post_already_shared":false,"jetpack_social_options":{"image_generator_settings":{"template":"highway","default_image_id":0,"font":"","enabled":false},"version":2}},"categories":[60,3,1],"tags":[],"class_list":["post-8451","post","type-post","status-publish","format-standard","has-post-thumbnail","hentry","category-cafres","category-portada","category-sin-categoria"],"jetpack_publicize_connections":[],"jetpack_featured_media_url":"https:\/\/formalprision.com\/wp-content\/uploads\/2011\/04\/aaaaaacaergavolcada.jpg","jetpack_sharing_enabled":true,"jetpack_shortlink":"https:\/\/wp.me\/p6id8p-2cj","_links":{"self":[{"href":"https:\/\/formalprision.com\/index.php?rest_route=\/wp\/v2\/posts\/8451","targetHints":{"allow":["GET"]}}],"collection":[{"href":"https:\/\/formalprision.com\/index.php?rest_route=\/wp\/v2\/posts"}],"about":[{"href":"https:\/\/formalprision.com\/index.php?rest_route=\/wp\/v2\/types\/post"}],"author":[{"embeddable":true,"href":"https:\/\/formalprision.com\/index.php?rest_route=\/wp\/v2\/users\/1"}],"replies":[{"embeddable":true,"href":"https:\/\/formalprision.com\/index.php?rest_route=%2Fwp%2Fv2%2Fcomments&post=8451"}],"version-history":[{"count":0,"href":"https:\/\/formalprision.com\/index.php?rest_route=\/wp\/v2\/posts\/8451\/revisions"}],"wp:featuredmedia":[{"embeddable":true,"href":"https:\/\/formalprision.com\/index.php?rest_route=\/wp\/v2\/media\/26870"}],"wp:attachment":[{"href":"https:\/\/formalprision.com\/index.php?rest_route=%2Fwp%2Fv2%2Fmedia&parent=8451"}],"wp:term":[{"taxonomy":"category","embeddable":true,"href":"https:\/\/formalprision.com\/index.php?rest_route=%2Fwp%2Fv2%2Fcategories&post=8451"},{"taxonomy":"post_tag","embeddable":true,"href":"https:\/\/formalprision.com\/index.php?rest_route=%2Fwp%2Fv2%2Ftags&post=8451"}],"curies":[{"name":"wp","href":"https:\/\/api.w.org\/{rel}","templated":true}]}}