{"id":8455,"date":"2011-04-08T16:27:00","date_gmt":"2011-04-08T16:27:00","guid":{"rendered":"http:\/\/formalprision.info\/2011\/04\/08\/denuncian-un-caso-de-brutalidad\/"},"modified":"2015-06-03T08:57:46","modified_gmt":"2015-06-03T08:57:46","slug":"denuncian-un-caso-de-brutalidad","status":"publish","type":"post","link":"https:\/\/formalprision.com\/?p=8455","title":{"rendered":"Denuncian un caso de brutalidad polic\u00edaca en Kanas\u00edn"},"content":{"rendered":"<p><a href=\"http:\/\/3.bp.blogspot.com\/-xL9_dX7Rhns\/TZ6e0V8dViI\/AAAAAAAADCw\/-xTyt7xXa0I\/s1600\/aaaabrutalidad%2Bpoliciaca.jpg\"><img decoding=\"async\" id=\"BLOGGER_PHOTO_ID_5593082409321846306\" style=\"FLOAT: left; MARGIN: 0px 10px 10px 0px; WIDTH: 270px; CURSOR: hand; HEIGHT: 320px\" alt=\"\" src=\"http:\/\/formalprision.com\/wp-content\/uploads\/2011\/04\/aaaabrutalidad-policiaca.jpg\" border=\"0\" \/><\/a> <\/p>\n<div>La polic\u00eda del Ayuntamiento panista de Kanas\u00edn fue se\u00f1alada ayer por un caso de brutalidad polic\u00edaca al obligar a violentamente una mujer detenida a posar para las c\u00e1maras de la prensa.<\/div>\n<p><\/p>\n<div>La imagen captada por la misma prensa es la prueba irrefutable de la tajante y flagrante violaci\u00f3n a los derechos humanos.<\/div>\n<p><\/p>\n<div>Una mujer polic\u00eda de ese municipio con exesivo uso de fuerza oblig\u00f3 a la detenida Liliana Isabel Avila Chal\u00e9, de 21 a\u00f1os de edad, a posar para la c\u00e1mara, luego de que \u00e9sta se cubri\u00f3 el rostro cuando fueron presentados ante un medio local junto con su esposo, Jos\u00e9 Guillermo Gamboa Ojeda, de 38 a\u00f1os.<\/div>\n<p><\/p>\n<div>La mujer fue detenida porque lesion\u00f3 con un cuchillo a su esposo durante una discusi\u00f3n.<\/div>\n<p><\/p>\n<div>El sujeto tambi\u00e9n fue detenido porque respondi\u00f3 la agresi\u00f3n con un pu\u00f1etazo que se impact\u00f3 en la cara de su esposa. Esto sucedi\u00f3 en la madrugada en una casa del fraccionamiento Jardines de Mulchech\u00e9n.<\/div>\n<p><\/p>\n<div>El caso de brutalidad polic\u00edaca lo hizo p\u00fablico anoche mismo un periodista del medio que capt\u00f3 la fotograf\u00eda, misma que acompa\u00f1a esta informaci\u00f3n.<\/div>\n<p><\/p>\n<div><\/div>\n","protected":false},"excerpt":{"rendered":"<p>La polic\u00eda del Ayuntamiento panista de Kanas\u00edn fue se\u00f1alada ayer por un caso de brutalidad polic\u00edaca al obligar a violentamente una mujer detenida a posar para las c\u00e1maras de la<\/p>\n","protected":false},"author":1,"featured_media":26877,"comment_status":"open","ping_status":"open","sticky":false,"template":"","format":"standard","meta":{"jetpack_post_was_ever_published":false,"_jetpack_newsletter_access":"","_jetpack_dont_email_post_to_subs":false,"_jetpack_newsletter_tier_id":0,"_jetpack_memberships_contains_paywalled_content":false,"_jetpack_memberships_contains_paid_content":false,"footnotes":"","jetpack_publicize_message":"","jetpack_publicize_feature_enabled":true,"jetpack_social_post_already_shared":false,"jetpack_social_options":{"image_generator_settings":{"template":"highway","default_image_id":0,"font":"","enabled":false},"version":2}},"categories":[50,48,3,1],"tags":[],"class_list":["post-8455","post","type-post","status-publish","format-standard","has-post-thumbnail","hentry","category-machines","category-pecadoras","category-portada","category-sin-categoria"],"jetpack_publicize_connections":[],"jetpack_featured_media_url":"https:\/\/formalprision.com\/wp-content\/uploads\/2011\/04\/aaaabrutalidad-policiaca.jpg","jetpack_sharing_enabled":true,"jetpack_shortlink":"https:\/\/wp.me\/p6id8p-2cn","_links":{"self":[{"href":"https:\/\/formalprision.com\/index.php?rest_route=\/wp\/v2\/posts\/8455","targetHints":{"allow":["GET"]}}],"collection":[{"href":"https:\/\/formalprision.com\/index.php?rest_route=\/wp\/v2\/posts"}],"about":[{"href":"https:\/\/formalprision.com\/index.php?rest_route=\/wp\/v2\/types\/post"}],"author":[{"embeddable":true,"href":"https:\/\/formalprision.com\/index.php?rest_route=\/wp\/v2\/users\/1"}],"replies":[{"embeddable":true,"href":"https:\/\/formalprision.com\/index.php?rest_route=%2Fwp%2Fv2%2Fcomments&post=8455"}],"version-history":[{"count":0,"href":"https:\/\/formalprision.com\/index.php?rest_route=\/wp\/v2\/posts\/8455\/revisions"}],"wp:featuredmedia":[{"embeddable":true,"href":"https:\/\/formalprision.com\/index.php?rest_route=\/wp\/v2\/media\/26877"}],"wp:attachment":[{"href":"https:\/\/formalprision.com\/index.php?rest_route=%2Fwp%2Fv2%2Fmedia&parent=8455"}],"wp:term":[{"taxonomy":"category","embeddable":true,"href":"https:\/\/formalprision.com\/index.php?rest_route=%2Fwp%2Fv2%2Fcategories&post=8455"},{"taxonomy":"post_tag","embeddable":true,"href":"https:\/\/formalprision.com\/index.php?rest_route=%2Fwp%2Fv2%2Ftags&post=8455"}],"curies":[{"name":"wp","href":"https:\/\/api.w.org\/{rel}","templated":true}]}}