{"id":8460,"date":"2011-04-07T16:37:00","date_gmt":"2011-04-07T16:37:00","guid":{"rendered":"http:\/\/formalprision.info\/2011\/04\/07\/cae-soguillero-ruco-del-centro-meridano\/"},"modified":"2015-06-03T08:57:47","modified_gmt":"2015-06-03T08:57:47","slug":"cae-soguillero-ruco-del-centro-meridano","status":"publish","type":"post","link":"https:\/\/formalprision.com\/?p=8460","title":{"rendered":"Cae soguillero ruco del centro meridano"},"content":{"rendered":"<p><a href=\"http:\/\/1.bp.blogspot.com\/-fKD96qLn05E\/TZ1crHwJaPI\/AAAAAAAADCY\/VPATiRf_a78\/s1600\/aaacaesoguillero.JPG\"><img decoding=\"async\" id=\"BLOGGER_PHOTO_ID_5592728208149145842\" style=\"FLOAT: left; MARGIN: 0px 10px 10px 0px; WIDTH: 320px; CURSOR: hand; HEIGHT: 240px\" alt=\"\" src=\"http:\/\/formalprision.com\/wp-content\/uploads\/2011\/04\/aaacaesoguillero.jpg\" border=\"0\" \/><\/a> <\/p>\n<div>Elementos de la Polic\u00eda Municipal de M\u00e9rida detuvieron a Jos\u00e9 Sa\u00fal Calder\u00f3n Contreras, experto soguillero del centro.<\/div>\n<p><\/p>\n<div>Al encontrarse los agentes asignados a la unidad 322, en la calle 69 por 48, se les acerc\u00f3 Wendy Casta\u00f1eda Dzul, quien inform\u00f3 que momentos antes, al estar caminando sobre la citada arteria, se le acerc\u00f3 ese sujeto y le arrebat\u00f3 dos soguillas.<\/div>\n<p><\/p>\n<div>Con las caracter\u00edsticas proporcionadas por la afectada se realiz\u00f3 un operativo de b\u00fasqueda por el \u00e1rea, siendo localizado Calder\u00f3n Contreras corriendo sobre la calle 69 por 46, siendo plenamente identificado por Casta\u00f1eda Dzul. <\/div>\n<p><\/p>\n<div>El detenido, quien ten\u00eda aliento alcoh\u00f3lico, fue traslado a la C\u00e1rcel Municipal para su posterior remisi\u00f3n al Ministerio P\u00fablico, lugar al que Casta\u00f1eda Dzul dijo acudir a denunciar los hechos. <\/div>\n","protected":false},"excerpt":{"rendered":"<p>Elementos de la Polic\u00eda Municipal de M\u00e9rida detuvieron a Jos\u00e9 Sa\u00fal Calder\u00f3n Contreras, experto soguillero del centro. Al encontrarse los agentes asignados a la unidad 322, en la calle 69<\/p>\n","protected":false},"author":1,"featured_media":26886,"comment_status":"open","ping_status":"open","sticky":false,"template":"","format":"standard","meta":{"jetpack_post_was_ever_published":false,"_jetpack_newsletter_access":"","_jetpack_dont_email_post_to_subs":false,"_jetpack_newsletter_tier_id":0,"_jetpack_memberships_contains_paywalled_content":false,"_jetpack_memberships_contains_paid_content":false,"footnotes":"","jetpack_publicize_message":"","jetpack_publicize_feature_enabled":true,"jetpack_social_post_already_shared":false,"jetpack_social_options":{"image_generator_settings":{"template":"highway","default_image_id":0,"font":"","enabled":false},"version":2}},"categories":[3,57,1],"tags":[],"class_list":["post-8460","post","type-post","status-publish","format-standard","has-post-thumbnail","hentry","category-portada","category-ratas","category-sin-categoria"],"jetpack_publicize_connections":[],"jetpack_featured_media_url":"https:\/\/formalprision.com\/wp-content\/uploads\/2011\/04\/aaacaesoguillero.jpg","jetpack_sharing_enabled":true,"jetpack_shortlink":"https:\/\/wp.me\/p6id8p-2cs","_links":{"self":[{"href":"https:\/\/formalprision.com\/index.php?rest_route=\/wp\/v2\/posts\/8460","targetHints":{"allow":["GET"]}}],"collection":[{"href":"https:\/\/formalprision.com\/index.php?rest_route=\/wp\/v2\/posts"}],"about":[{"href":"https:\/\/formalprision.com\/index.php?rest_route=\/wp\/v2\/types\/post"}],"author":[{"embeddable":true,"href":"https:\/\/formalprision.com\/index.php?rest_route=\/wp\/v2\/users\/1"}],"replies":[{"embeddable":true,"href":"https:\/\/formalprision.com\/index.php?rest_route=%2Fwp%2Fv2%2Fcomments&post=8460"}],"version-history":[{"count":0,"href":"https:\/\/formalprision.com\/index.php?rest_route=\/wp\/v2\/posts\/8460\/revisions"}],"wp:featuredmedia":[{"embeddable":true,"href":"https:\/\/formalprision.com\/index.php?rest_route=\/wp\/v2\/media\/26886"}],"wp:attachment":[{"href":"https:\/\/formalprision.com\/index.php?rest_route=%2Fwp%2Fv2%2Fmedia&parent=8460"}],"wp:term":[{"taxonomy":"category","embeddable":true,"href":"https:\/\/formalprision.com\/index.php?rest_route=%2Fwp%2Fv2%2Fcategories&post=8460"},{"taxonomy":"post_tag","embeddable":true,"href":"https:\/\/formalprision.com\/index.php?rest_route=%2Fwp%2Fv2%2Ftags&post=8460"}],"curies":[{"name":"wp","href":"https:\/\/api.w.org\/{rel}","templated":true}]}}