{"id":8462,"date":"2011-04-07T14:04:00","date_gmt":"2011-04-07T14:04:00","guid":{"rendered":"http:\/\/formalprision.info\/2011\/04\/07\/primera-victima-mortal-del-calor-en\/"},"modified":"2015-06-03T08:57:47","modified_gmt":"2015-06-03T08:57:47","slug":"primera-victima-mortal-del-calor-en","status":"publish","type":"post","link":"https:\/\/formalprision.com\/?p=8462","title":{"rendered":"Primera v\u00edctima mortal del calor en M\u00e9rida"},"content":{"rendered":"<p>El calor\u00f3n que se ha sentido en M\u00e9rida en los \u00faltimos d\u00edas cobr\u00f3 su primera v\u00edctima mortal ayer al morir un indigente por un golpe de calor. El deceso ocurri\u00f3 en la calle 161 con cruzamientos 42 y 44 de San Jos\u00e9 Tzal. Ah\u00ed se encontr\u00f3 el cuerpo sin vida de un desconocido, de unos 60 a\u00f1os aproximadamente. Era de 1.55 cm. de altura, complexi\u00f3n media, cabello entrecano, nariz chata, boca grande, tez morena. Presentaba quemaduras de primer grado por exposici\u00f3n solar. La causa de la muerte fue por una falla org\u00e1nica m\u00faltiple por desequilibrio electrol\u00edtico.<\/p>\n","protected":false},"excerpt":{"rendered":"<p>El calor\u00f3n que se ha sentido en M\u00e9rida en los \u00faltimos d\u00edas cobr\u00f3 su primera v\u00edctima mortal ayer al morir un indigente por un golpe de calor. El deceso ocurri\u00f3<\/p>\n","protected":false},"author":1,"featured_media":0,"comment_status":"open","ping_status":"open","sticky":false,"template":"","format":"standard","meta":{"jetpack_post_was_ever_published":false,"_jetpack_newsletter_access":"","_jetpack_dont_email_post_to_subs":false,"_jetpack_newsletter_tier_id":0,"_jetpack_memberships_contains_paywalled_content":false,"_jetpack_memberships_contains_paid_content":false,"footnotes":"","jetpack_publicize_message":"","jetpack_publicize_feature_enabled":true,"jetpack_social_post_already_shared":false,"jetpack_social_options":{"image_generator_settings":{"template":"highway","default_image_id":0,"font":"","enabled":false},"version":2}},"categories":[44,3,1],"tags":[],"class_list":["post-8462","post","type-post","status-publish","format-standard","hentry","category-morgue","category-portada","category-sin-categoria"],"jetpack_publicize_connections":[],"jetpack_featured_media_url":"","jetpack_sharing_enabled":true,"jetpack_shortlink":"https:\/\/wp.me\/p6id8p-2cu","_links":{"self":[{"href":"https:\/\/formalprision.com\/index.php?rest_route=\/wp\/v2\/posts\/8462","targetHints":{"allow":["GET"]}}],"collection":[{"href":"https:\/\/formalprision.com\/index.php?rest_route=\/wp\/v2\/posts"}],"about":[{"href":"https:\/\/formalprision.com\/index.php?rest_route=\/wp\/v2\/types\/post"}],"author":[{"embeddable":true,"href":"https:\/\/formalprision.com\/index.php?rest_route=\/wp\/v2\/users\/1"}],"replies":[{"embeddable":true,"href":"https:\/\/formalprision.com\/index.php?rest_route=%2Fwp%2Fv2%2Fcomments&post=8462"}],"version-history":[{"count":0,"href":"https:\/\/formalprision.com\/index.php?rest_route=\/wp\/v2\/posts\/8462\/revisions"}],"wp:attachment":[{"href":"https:\/\/formalprision.com\/index.php?rest_route=%2Fwp%2Fv2%2Fmedia&parent=8462"}],"wp:term":[{"taxonomy":"category","embeddable":true,"href":"https:\/\/formalprision.com\/index.php?rest_route=%2Fwp%2Fv2%2Fcategories&post=8462"},{"taxonomy":"post_tag","embeddable":true,"href":"https:\/\/formalprision.com\/index.php?rest_route=%2Fwp%2Fv2%2Ftags&post=8462"}],"curies":[{"name":"wp","href":"https:\/\/api.w.org\/{rel}","templated":true}]}}