{"id":84620,"date":"2021-02-15T14:35:12","date_gmt":"2021-02-15T19:35:12","guid":{"rendered":"http:\/\/formalprision.com\/?p=84620"},"modified":"2021-02-15T22:10:36","modified_gmt":"2021-02-16T03:10:36","slug":"acribillan-a-ex-alcaldesa-y-a-su-hija-que-buscaba-ser-diputada-por-morena-pvem","status":"publish","type":"post","link":"https:\/\/formalprision.com\/?p=84620","title":{"rendered":"Acribillan a ex alcaldesa y a su hija que buscaba ser diputada por Morena-PVEM"},"content":{"rendered":"\n<p>XALAPA, Veracruz (Apro).- La exdiputada local del PRI en Cosoleacaque, Gladys Merl\u00edn Castro, y su hija, Karla Enr\u00edquez Merl\u00edn, precandidata de Morena a la alcald\u00eda de ese mismo municipio, fueron acribilladas por un comando armado la madrugada de este lunes. Una de las v\u00edctimas tambi\u00e9n fue degollada.<\/p>\n\n\n\n<p>La Fiscal\u00eda General del Estado (FGE) ya inici\u00f3 una carpeta de investigaci\u00f3n por la doble ejecuci\u00f3n. En un escueto bolet\u00edn, la dependencia asegur\u00f3 que no habr\u00e1 impunidad en \u201cestos lamentables hechos\u201d.<\/p>\n\n\n\n<p>Informes preliminares indican que personas armadas a bordo de una camioneta, dispararon contra el guardia del Instituto de la Polic\u00eda Auxiliar y Protecci\u00f3n Patrimonial para el Estado de Veracruz (IPAX) que se encontraba vigilando el acceso a la casa.<\/p>\n\n\n\n<p>Los agresores entraron a la residencia de la familia Merl\u00edn y ultimaron a las dos mujeres como arma de fuego.<\/p>\n\n\n\n<p>El doble homicidio ocurri\u00f3 cerca de las seis de la madrugada.<\/p>\n\n\n\n<p>Gladys Merlin hab\u00eda sido con anterioridad alcaldesa de Cosoleacaque y diputada local del PRI; su hija, Karla Merl\u00edn fue Subsecretaria de Medio Ambiente en el sexenio del priista Javier Duarte y fallida candidata a la diputaci\u00f3n local por el PRI en Cosoleacaque.<\/p>\n\n\n\n<p>Desde el a\u00f1o anterior, Karla Merl\u00edn tuvo acercamiento con el PVEM y con Morena para ser su candidata a la alcald\u00eda de esa ciudad.<\/p>\n","protected":false},"excerpt":{"rendered":"<p>XALAPA, Veracruz (Apro).- La exdiputada local del PRI en Cosoleacaque, Gladys Merl\u00edn Castro, y su hija, Karla Enr\u00edquez Merl\u00edn, precandidata de Morena a la alcald\u00eda de ese mismo municipio, fueron<\/p>\n","protected":false},"author":2,"featured_media":84622,"comment_status":"open","ping_status":"open","sticky":false,"template":"","format":"standard","meta":{"jetpack_post_was_ever_published":false,"_jetpack_newsletter_access":"","_jetpack_dont_email_post_to_subs":false,"_jetpack_newsletter_tier_id":0,"_jetpack_memberships_contains_paywalled_content":false,"_jetpack_memberships_contains_paid_content":false,"footnotes":"","jetpack_publicize_message":"","jetpack_publicize_feature_enabled":true,"jetpack_social_post_already_shared":true,"jetpack_social_options":{"image_generator_settings":{"template":"highway","default_image_id":0,"font":"","enabled":false},"version":2}},"categories":[59,23,21],"tags":[],"class_list":["post-84620","post","type-post","status-publish","format-standard","has-post-thumbnail","hentry","category-asesinos","category-del-mundo","category-nacionales"],"jetpack_publicize_connections":[],"jetpack_featured_media_url":"https:\/\/formalprision.com\/wp-content\/uploads\/2021\/02\/acribilan.jpg","jetpack_sharing_enabled":true,"jetpack_shortlink":"https:\/\/wp.me\/p6id8p-m0Q","_links":{"self":[{"href":"https:\/\/formalprision.com\/index.php?rest_route=\/wp\/v2\/posts\/84620","targetHints":{"allow":["GET"]}}],"collection":[{"href":"https:\/\/formalprision.com\/index.php?rest_route=\/wp\/v2\/posts"}],"about":[{"href":"https:\/\/formalprision.com\/index.php?rest_route=\/wp\/v2\/types\/post"}],"author":[{"embeddable":true,"href":"https:\/\/formalprision.com\/index.php?rest_route=\/wp\/v2\/users\/2"}],"replies":[{"embeddable":true,"href":"https:\/\/formalprision.com\/index.php?rest_route=%2Fwp%2Fv2%2Fcomments&post=84620"}],"version-history":[{"count":0,"href":"https:\/\/formalprision.com\/index.php?rest_route=\/wp\/v2\/posts\/84620\/revisions"}],"wp:featuredmedia":[{"embeddable":true,"href":"https:\/\/formalprision.com\/index.php?rest_route=\/wp\/v2\/media\/84622"}],"wp:attachment":[{"href":"https:\/\/formalprision.com\/index.php?rest_route=%2Fwp%2Fv2%2Fmedia&parent=84620"}],"wp:term":[{"taxonomy":"category","embeddable":true,"href":"https:\/\/formalprision.com\/index.php?rest_route=%2Fwp%2Fv2%2Fcategories&post=84620"},{"taxonomy":"post_tag","embeddable":true,"href":"https:\/\/formalprision.com\/index.php?rest_route=%2Fwp%2Fv2%2Ftags&post=84620"}],"curies":[{"name":"wp","href":"https:\/\/api.w.org\/{rel}","templated":true}]}}