{"id":8467,"date":"2011-04-05T17:32:00","date_gmt":"2011-04-05T17:32:00","guid":{"rendered":"http:\/\/formalprision.info\/2011\/04\/05\/maquina-del-terror-le-tritura-una-mano\/"},"modified":"2015-06-03T08:57:48","modified_gmt":"2015-06-03T08:57:48","slug":"maquina-del-terror-le-tritura-una-mano","status":"publish","type":"post","link":"https:\/\/formalprision.com\/?p=8467","title":{"rendered":"M\u00e1quina del terror le tritura una mano a un panadero"},"content":{"rendered":"<p><a href=\"http:\/\/4.bp.blogspot.com\/-kMWuffaOhXk\/TZq5Or2x8WI\/AAAAAAAADBg\/qcz_ARZg6LE\/s1600\/aaaaamasadora.jpg\"><img decoding=\"async\" id=\"BLOGGER_PHOTO_ID_5591985549275689314\" style=\"FLOAT: left; MARGIN: 0px 10px 10px 0px; WIDTH: 320px; CURSOR: hand; HEIGHT: 300px\" alt=\"\" src=\"http:\/\/formalprision.com\/wp-content\/uploads\/2011\/04\/aaaaamasadora.jpg\" border=\"0\" \/><\/a> <\/p>\n<div>Ayer por la ma\u00f1ana se registr\u00f3 un accidente en el interior de la conocida panader\u00eda progrese\u00f1a La Fama.<\/div>\n<p><\/p>\n<div>El accidente ocurri\u00f3 cuando el panadero Roberto Dzul Mis meti\u00f3 la mano en la amasadora industrial que estaba funcionando y a punto estuvo de perder el miembro izquierdo.<\/div>\n<p><\/p>\n<div>Esto sucedi\u00f1o a las 7:30 de la ma\u00f1ana en el establecimiento ubicado en la calle 31 entre 68 y 70, cuando los rodillos del equipo industrial atraparon la mano del panadero.<\/div>\n<p><\/p>\n<div>Presa de la desesperaci\u00f3n, el panadero de 60 a\u00f1os de edad comenz\u00f3 a gritar y a pedir ayuda y sus compa\u00f1eros llamaron a la polic\u00eda y a los bomberos.<\/div>\n<p><\/p>\n<div>Dos horas despu\u00e9s, luego de desarmar por completo la maquinaria, el panadero logr\u00f3 sacar su mano y fue atendido por personal de la Cruz Roja que lo traslad\u00f3 a un hospital.<\/div>\n<p><\/p>\n<div>El empleado result\u00f3 con multiples fracturas en la mano.<\/div>\n<p><\/p>\n<div><\/div>\n","protected":false},"excerpt":{"rendered":"<p>Ayer por la ma\u00f1ana se registr\u00f3 un accidente en el interior de la conocida panader\u00eda progrese\u00f1a La Fama. El accidente ocurri\u00f3 cuando el panadero Roberto Dzul Mis meti\u00f3 la mano<\/p>\n","protected":false},"author":1,"featured_media":26899,"comment_status":"open","ping_status":"open","sticky":false,"template":"","format":"standard","meta":{"jetpack_post_was_ever_published":false,"_jetpack_newsletter_access":"","_jetpack_dont_email_post_to_subs":false,"_jetpack_newsletter_tier_id":0,"_jetpack_memberships_contains_paywalled_content":false,"_jetpack_memberships_contains_paid_content":false,"footnotes":"","jetpack_publicize_message":"","jetpack_publicize_feature_enabled":true,"jetpack_social_post_already_shared":false,"jetpack_social_options":{"image_generator_settings":{"template":"highway","default_image_id":0,"font":"","enabled":false},"version":2}},"categories":[50,3,1],"tags":[],"class_list":["post-8467","post","type-post","status-publish","format-standard","has-post-thumbnail","hentry","category-machines","category-portada","category-sin-categoria"],"jetpack_publicize_connections":[],"jetpack_featured_media_url":"https:\/\/formalprision.com\/wp-content\/uploads\/2011\/04\/aaaaamasadora.jpg","jetpack_sharing_enabled":true,"jetpack_shortlink":"https:\/\/wp.me\/p6id8p-2cz","_links":{"self":[{"href":"https:\/\/formalprision.com\/index.php?rest_route=\/wp\/v2\/posts\/8467","targetHints":{"allow":["GET"]}}],"collection":[{"href":"https:\/\/formalprision.com\/index.php?rest_route=\/wp\/v2\/posts"}],"about":[{"href":"https:\/\/formalprision.com\/index.php?rest_route=\/wp\/v2\/types\/post"}],"author":[{"embeddable":true,"href":"https:\/\/formalprision.com\/index.php?rest_route=\/wp\/v2\/users\/1"}],"replies":[{"embeddable":true,"href":"https:\/\/formalprision.com\/index.php?rest_route=%2Fwp%2Fv2%2Fcomments&post=8467"}],"version-history":[{"count":0,"href":"https:\/\/formalprision.com\/index.php?rest_route=\/wp\/v2\/posts\/8467\/revisions"}],"wp:featuredmedia":[{"embeddable":true,"href":"https:\/\/formalprision.com\/index.php?rest_route=\/wp\/v2\/media\/26899"}],"wp:attachment":[{"href":"https:\/\/formalprision.com\/index.php?rest_route=%2Fwp%2Fv2%2Fmedia&parent=8467"}],"wp:term":[{"taxonomy":"category","embeddable":true,"href":"https:\/\/formalprision.com\/index.php?rest_route=%2Fwp%2Fv2%2Fcategories&post=8467"},{"taxonomy":"post_tag","embeddable":true,"href":"https:\/\/formalprision.com\/index.php?rest_route=%2Fwp%2Fv2%2Ftags&post=8467"}],"curies":[{"name":"wp","href":"https:\/\/api.w.org\/{rel}","templated":true}]}}