{"id":8468,"date":"2011-04-05T15:37:00","date_gmt":"2011-04-05T15:37:00","guid":{"rendered":"http:\/\/formalprision.info\/2011\/04\/05\/ladrones-brutosactivan-la-alarma-y-se\/"},"modified":"2015-06-03T08:57:48","modified_gmt":"2015-06-03T08:57:48","slug":"ladrones-brutosactivan-la-alarma-y-se","status":"publish","type":"post","link":"https:\/\/formalprision.com\/?p=8468","title":{"rendered":"Ladrones brutos:activan la alarma y se delatan"},"content":{"rendered":"<p><a href=\"http:\/\/1.bp.blogspot.com\/-K4HiaUGrQmI\/TZot3gQ24dI\/AAAAAAAADBQ\/ZKCcRkbb_s0\/s1600\/aaaratatatatatagtan.bmp\"><img decoding=\"async\" id=\"BLOGGER_PHOTO_ID_5591832318910587346\" style=\"FLOAT: left; MARGIN: 0px 10px 10px 0px; WIDTH: 320px; CURSOR: hand; HEIGHT: 240px\" alt=\"\" src=\"http:\/\/1.bp.blogspot.com\/-K4HiaUGrQmI\/TZot3gQ24dI\/AAAAAAAADBQ\/ZKCcRkbb_s0\/s320\/aaaratatatatatagtan.bmp\" border=\"0\" \/><\/a> <\/p>\n<div>Jos\u00e9 Daniel Amaya de la Cruz y Julio Adolfo Garc\u00eda Tun, ambos de 19 a\u00f1os de edad, fueron sorprendidos saliendo de un predio de la calle 25 por 20 y 22 de la colonia Benito Ju\u00e1rez de Progreso. <\/div>\n<p><\/p>\n<div>Elementos de la SSP en vigilancia por el lugar escucharon que se activ\u00f3 la alarma de una casa por lo que de inmediato acudieron a verificar el lugar y vieron salir corriendo a los dos sujetos, por la parte de atr\u00e1s. <\/div>\n<p><\/p>\n<div>Afuera de la casa ya ten\u00edan un televisi\u00f3n de 19 \u00ab, un horno de micorondas y otros art\u00edculos.<\/div>\n<p><\/p>\n<div>Dijeron haber ingresado al predio forzando la ventana y la puerta. Garc\u00eda Tun para evitar que los llevar\u00e1n a la c\u00e1rcel ofreci\u00f3 los art\u00edculos a los oficiales.<\/div>\n<p><\/p>\n<div>Al lugar acudi\u00f3 personal de una empresa de vigilancia por la activaci\u00f3n de la alarma.<\/div>\n<p><\/p>\n<div>Ambos sujetos resultaron intoxicados con marihuana y fueron denunciados ante el Ministerio P\u00fablico <\/div>\n","protected":false},"excerpt":{"rendered":"<p>Jos\u00e9 Daniel Amaya de la Cruz y Julio Adolfo Garc\u00eda Tun, ambos de 19 a\u00f1os de edad, fueron sorprendidos saliendo de un predio de la calle 25 por 20 y<\/p>\n","protected":false},"author":1,"featured_media":0,"comment_status":"open","ping_status":"open","sticky":false,"template":"","format":"standard","meta":{"jetpack_post_was_ever_published":false,"_jetpack_newsletter_access":"","_jetpack_dont_email_post_to_subs":false,"_jetpack_newsletter_tier_id":0,"_jetpack_memberships_contains_paywalled_content":false,"_jetpack_memberships_contains_paid_content":false,"footnotes":"","jetpack_publicize_message":"","jetpack_publicize_feature_enabled":true,"jetpack_social_post_already_shared":false,"jetpack_social_options":{"image_generator_settings":{"template":"highway","default_image_id":0,"font":"","enabled":false},"version":2}},"categories":[50,3,57,1],"tags":[],"class_list":["post-8468","post","type-post","status-publish","format-standard","hentry","category-machines","category-portada","category-ratas","category-sin-categoria"],"jetpack_publicize_connections":[],"jetpack_featured_media_url":"","jetpack_sharing_enabled":true,"jetpack_shortlink":"https:\/\/wp.me\/p6id8p-2cA","_links":{"self":[{"href":"https:\/\/formalprision.com\/index.php?rest_route=\/wp\/v2\/posts\/8468","targetHints":{"allow":["GET"]}}],"collection":[{"href":"https:\/\/formalprision.com\/index.php?rest_route=\/wp\/v2\/posts"}],"about":[{"href":"https:\/\/formalprision.com\/index.php?rest_route=\/wp\/v2\/types\/post"}],"author":[{"embeddable":true,"href":"https:\/\/formalprision.com\/index.php?rest_route=\/wp\/v2\/users\/1"}],"replies":[{"embeddable":true,"href":"https:\/\/formalprision.com\/index.php?rest_route=%2Fwp%2Fv2%2Fcomments&post=8468"}],"version-history":[{"count":0,"href":"https:\/\/formalprision.com\/index.php?rest_route=\/wp\/v2\/posts\/8468\/revisions"}],"wp:attachment":[{"href":"https:\/\/formalprision.com\/index.php?rest_route=%2Fwp%2Fv2%2Fmedia&parent=8468"}],"wp:term":[{"taxonomy":"category","embeddable":true,"href":"https:\/\/formalprision.com\/index.php?rest_route=%2Fwp%2Fv2%2Fcategories&post=8468"},{"taxonomy":"post_tag","embeddable":true,"href":"https:\/\/formalprision.com\/index.php?rest_route=%2Fwp%2Fv2%2Ftags&post=8468"}],"curies":[{"name":"wp","href":"https:\/\/api.w.org\/{rel}","templated":true}]}}