{"id":84688,"date":"2021-02-17T11:00:48","date_gmt":"2021-02-17T16:00:48","guid":{"rendered":"http:\/\/formalprision.com\/?p=84688"},"modified":"2021-02-17T11:18:35","modified_gmt":"2021-02-17T16:18:35","slug":"detienen-a-rapero-acusado-de-decirle-sus-verdades-a-la-corona-espanola","status":"publish","type":"post","link":"https:\/\/formalprision.com\/?p=84688","title":{"rendered":"Detienen a rapero acusado de decirle sus verdades a la Corona espa\u00f1ola"},"content":{"rendered":"\n<p>ESPA\u00d1A.- La Polic\u00eda detuvo al rapero espa\u00f1ol Pablo Hasel, que se hab\u00eda encerrado ayer en el Rectorado de la Universidad de L\u00e9rida (noreste) para evitar su encarcelamiento, tras ser condenado por delitos de enaltecimiento del terrorismo e injurias a la Corona.<\/p>\n\n\n\n<p>Decenas de agentes de las fuerzas de seguridad de la regi\u00f3n de Catalu\u00f1a entraron en el edificio para arrestarlo, pues el viernes pasado termin\u00f3 el plazo para que ingresara voluntariamente en prisi\u00f3n para cumplir una sentencia de nueve meses de prisi\u00f3n.<\/p>\n\n\n\n<p>Ese d\u00eda, ya advirti\u00f3 en Twitter de que tendr\u00edan que \u00absecuestrarle\u00bb para entrar en la c\u00e1rcel.<\/p>\n\n\n\n<p>Un dispositivo policial formado por decenas de agentes y una veintena de furgones policiales se desplegaron en las inmediaciones del rectorado para proceder a la detenci\u00f3n de Hasel.<\/p>\n\n\n\n<p>El cantante se encerr\u00f3 en la Universidad de L\u00e9rida \u00abpara pon\u00e9rselo a la Polic\u00eda lo m\u00e1s dif\u00edcil posible\u00bb y con el objetivo, seg\u00fan declar\u00f3 a Efe, de visibilizar lo que considera un \u00abgrav\u00edsimo ataque\u00bb contra las libertades.<\/p>\n\n\n\n<p>\u00ab\u00a1No nos van a doblegar ni con toda la represi\u00f3n, jam\u00e1s!\u00bb, exclam\u00f3 hoy al ser detenido.<\/p>\n\n\n\n<p>Nueve meses de prisi\u00f3n<\/p>\n\n\n\n<p>La Polic\u00eda pudo sortear las barricadas que hab\u00edan situado en las entradas del edificio el medio centenar de activistas encerrados con Hasel, que fueron arrinconados por los agentes para proceder a la detenci\u00f3n del cantante.<\/p>\n\n\n\n<p>Los activistas se refugiaron en la tercera planta del edificio mientras lanzaban algunos objetos a los polic\u00edas, que pudieron contenerlos e identificarlos.<\/p>\n\n\n\n<p>El lunes, la Audiencia Nacional espa\u00f1ola volvi\u00f3 a rechazar la suspensi\u00f3n de la ejecuci\u00f3n de la condena, al recordar que en 2017 fue condenado por un delito de resistencia o desobediencia a la autoridad; y en 2018, por allanamiento de local.<\/p>\n\n\n\n<p>Hasel fue condenado a nueve meses de prisi\u00f3n, seis a\u00f1os de inhabilitaci\u00f3n para ejercer cargo p\u00fablico y al pago de casi 30.000 euros de multa por delitos de enaltecimiento del terrorismo e injurias contra la Corona y las instituciones del Estado espa\u00f1ol.<\/p>\n\n\n\n<p>Casos como \u00e9ste han generado un amplio debate en Espa\u00f1a sobre los l\u00edmites a la libertad de expresi\u00f3n; el Gobierno, que dirige el socialista Pedro S\u00e1nchez, anunci\u00f3 que estudia una reforma legal para restringir que excesos verbales sean considerados delito en el contexto de manifestaciones art\u00edsticas, culturales o intelectuales.<\/p>\n\n\n\n<p>Su socio en el Ejecutivo, la formaci\u00f3n de izquierda Unidos Podemos, pidi\u00f3 el indulto para el rapero, que ha recibido apoyo de \u00e1mbitos como el intelectual, cultural, art\u00edstico y period\u00edstico, con manifiestos firmados, entre otros, por el conocido cineasta Pedro Almod\u00f3var o el cantante catal\u00e1n Joan Manuel Serrat, mientras que organizaciones como Amnist\u00eda Internacional (AI) consideraron injusto y desproporcionado el encarcelamiento.<\/p>\n\n\n\n<p>Fuente: DW.es<\/p>\n","protected":false},"excerpt":{"rendered":"<p>ESPA\u00d1A.- La Polic\u00eda detuvo al rapero espa\u00f1ol Pablo Hasel, que se hab\u00eda encerrado ayer en el Rectorado de la Universidad de L\u00e9rida (noreste) para evitar su encarcelamiento, tras ser condenado<\/p>\n","protected":false},"author":2,"featured_media":84690,"comment_status":"open","ping_status":"open","sticky":false,"template":"","format":"standard","meta":{"jetpack_post_was_ever_published":false,"_jetpack_newsletter_access":"","_jetpack_dont_email_post_to_subs":false,"_jetpack_newsletter_tier_id":0,"_jetpack_memberships_contains_paywalled_content":false,"_jetpack_memberships_contains_paid_content":false,"footnotes":"","jetpack_publicize_message":"El rapero espa\u00f1ol Pablo Hasel est\u00e1 acusado de injuriar a la Corona y enaltecer el terrorismo.","jetpack_publicize_feature_enabled":true,"jetpack_social_post_already_shared":true,"jetpack_social_options":{"image_generator_settings":{"template":"highway","default_image_id":0,"font":"","enabled":false},"version":2}},"categories":[33,32],"tags":[],"class_list":["post-84688","post","type-post","status-publish","format-standard","has-post-thumbnail","hentry","category-cultura","category-espectaculos"],"jetpack_publicize_connections":[],"jetpack_featured_media_url":"https:\/\/formalprision.com\/wp-content\/uploads\/2021\/02\/rapero.jpg","jetpack_sharing_enabled":true,"jetpack_shortlink":"https:\/\/wp.me\/p6id8p-m1W","_links":{"self":[{"href":"https:\/\/formalprision.com\/index.php?rest_route=\/wp\/v2\/posts\/84688","targetHints":{"allow":["GET"]}}],"collection":[{"href":"https:\/\/formalprision.com\/index.php?rest_route=\/wp\/v2\/posts"}],"about":[{"href":"https:\/\/formalprision.com\/index.php?rest_route=\/wp\/v2\/types\/post"}],"author":[{"embeddable":true,"href":"https:\/\/formalprision.com\/index.php?rest_route=\/wp\/v2\/users\/2"}],"replies":[{"embeddable":true,"href":"https:\/\/formalprision.com\/index.php?rest_route=%2Fwp%2Fv2%2Fcomments&post=84688"}],"version-history":[{"count":0,"href":"https:\/\/formalprision.com\/index.php?rest_route=\/wp\/v2\/posts\/84688\/revisions"}],"wp:featuredmedia":[{"embeddable":true,"href":"https:\/\/formalprision.com\/index.php?rest_route=\/wp\/v2\/media\/84690"}],"wp:attachment":[{"href":"https:\/\/formalprision.com\/index.php?rest_route=%2Fwp%2Fv2%2Fmedia&parent=84688"}],"wp:term":[{"taxonomy":"category","embeddable":true,"href":"https:\/\/formalprision.com\/index.php?rest_route=%2Fwp%2Fv2%2Fcategories&post=84688"},{"taxonomy":"post_tag","embeddable":true,"href":"https:\/\/formalprision.com\/index.php?rest_route=%2Fwp%2Fv2%2Ftags&post=84688"}],"curies":[{"name":"wp","href":"https:\/\/api.w.org\/{rel}","templated":true}]}}