{"id":84694,"date":"2021-02-17T13:41:24","date_gmt":"2021-02-17T18:41:24","guid":{"rendered":"http:\/\/formalprision.com\/?p=84694"},"modified":"2021-02-18T00:15:58","modified_gmt":"2021-02-18T05:15:58","slug":"promotor-de-afores-estaba-infectado-de-coronavirus-cuando-violo-a-su-asesorada","status":"publish","type":"post","link":"https:\/\/formalprision.com\/?p=84694","title":{"rendered":"Promotor de Afores estaba infectado de coronavirus cuando viol\u00f3 a su asesorada"},"content":{"rendered":"\n<p>Luego de que la semana pasada se diera a conocer la detenci\u00f3n por violaci\u00f3n de un promotor de afores, ahora se revela que el sujeto ten\u00eda los sintomas del coronavirus durante el abuso sexual.&nbsp;<\/p>\n\n\n\n<p>Esto qued\u00f3 de manifiesto al precisarse en la audiencia que el sujeto, identificado como Sandy Gabriel C.C., fue detenido el 24 de enero, pero fue puesto a cuarentena porque era sospechoso de Covid-19.<\/p>\n\n\n\n<p>Es por eso que la audiencia inicial se realiz\u00f3 hasta el 8 de febrero, cuando se determin\u00f3 que ya no representaba riesgo de contagio y fue turnado ante el Juzgado de Control de Um\u00e1n, a cargo del juez Jos\u00e9 Enrique S\u00e1enz Dzul.<\/p>\n\n\n\n<p>Se desconoce si el sujeto s\u00f3lo present\u00f3 los s\u00edntomas o si se le hicieron las pruebas de confirmaci\u00f3n, aunque su cuarentena dur\u00f3 los 14 d\u00edas que se sugiere deben pasar aislados para los Iifectados dejen de contagiar.<\/p>\n\n\n\n<p>Tampoco se precis\u00f3 si la v\u00edctima result\u00f3 contagiada.<\/p>\n\n\n\n<p>Como informamos, el promotor de afores abus\u00f3 de la mujer a la que fue a proponerle incorporar su cuenta de retiro con la empresa para la cual labora el sujeto.&nbsp;<\/p>\n\n\n\n<p>El enfrenta cargos por violaci\u00f3n, toda vez que a eso de de las 21:40 horas, del 24 de enero, fue a la casa de la mujer&nbsp; para explicarle todo lo relacionado con su fondo de retiro, por recomendaci\u00f3n de su padre.&nbsp;<\/p>\n\n\n\n<p>Sin embargo, al percatarse que la mujer estaba sola en la casa, la manose\u00f3 y luego a la fuerza la viol\u00f3.s<\/p>\n\n\n\n<p>Ella logr\u00f3 pedir el auxilio de la polic\u00eda, el individuo fue detenido y consignado ante la autoridad ministerial.<\/p>\n","protected":false},"excerpt":{"rendered":"<p>Luego de que la semana pasada se diera a conocer la detenci\u00f3n por violaci\u00f3n de un promotor de afores, ahora se revela que el sujeto ten\u00eda los sintomas del coronavirus<\/p>\n","protected":false},"author":1,"featured_media":84695,"comment_status":"open","ping_status":"open","sticky":false,"template":"","format":"standard","meta":{"jetpack_post_was_ever_published":false,"_jetpack_newsletter_access":"","_jetpack_dont_email_post_to_subs":false,"_jetpack_newsletter_tier_id":0,"_jetpack_memberships_contains_paywalled_content":false,"_jetpack_memberships_contains_paid_content":false,"footnotes":"","jetpack_publicize_message":"Tras su captura por el abuso sexual present\u00f3 s\u00edntomas de la enfermedad, motivo por el cual fue turnado ante el juez cuando se determin\u00f3 que ya no representaba riesgo de contagio. Fue a casa de su v\u00edctima a tramitarlo la cuenta, pero la viol\u00f3 estando solos","jetpack_publicize_feature_enabled":true,"jetpack_social_post_already_shared":true,"jetpack_social_options":{"image_generator_settings":{"template":"highway","default_image_id":0,"font":"","enabled":false},"version":2}},"categories":[55,54],"tags":[],"class_list":["post-84694","post","type-post","status-publish","format-standard","has-post-thumbnail","hentry","category-violines","category-yucatan"],"jetpack_publicize_connections":[],"jetpack_featured_media_url":"https:\/\/formalprision.com\/wp-content\/uploads\/2021\/02\/IMG_5600.jpg","jetpack_sharing_enabled":true,"jetpack_shortlink":"https:\/\/wp.me\/p6id8p-m22","_links":{"self":[{"href":"https:\/\/formalprision.com\/index.php?rest_route=\/wp\/v2\/posts\/84694","targetHints":{"allow":["GET"]}}],"collection":[{"href":"https:\/\/formalprision.com\/index.php?rest_route=\/wp\/v2\/posts"}],"about":[{"href":"https:\/\/formalprision.com\/index.php?rest_route=\/wp\/v2\/types\/post"}],"author":[{"embeddable":true,"href":"https:\/\/formalprision.com\/index.php?rest_route=\/wp\/v2\/users\/1"}],"replies":[{"embeddable":true,"href":"https:\/\/formalprision.com\/index.php?rest_route=%2Fwp%2Fv2%2Fcomments&post=84694"}],"version-history":[{"count":0,"href":"https:\/\/formalprision.com\/index.php?rest_route=\/wp\/v2\/posts\/84694\/revisions"}],"wp:featuredmedia":[{"embeddable":true,"href":"https:\/\/formalprision.com\/index.php?rest_route=\/wp\/v2\/media\/84695"}],"wp:attachment":[{"href":"https:\/\/formalprision.com\/index.php?rest_route=%2Fwp%2Fv2%2Fmedia&parent=84694"}],"wp:term":[{"taxonomy":"category","embeddable":true,"href":"https:\/\/formalprision.com\/index.php?rest_route=%2Fwp%2Fv2%2Fcategories&post=84694"},{"taxonomy":"post_tag","embeddable":true,"href":"https:\/\/formalprision.com\/index.php?rest_route=%2Fwp%2Fv2%2Ftags&post=84694"}],"curies":[{"name":"wp","href":"https:\/\/api.w.org\/{rel}","templated":true}]}}