{"id":84697,"date":"2021-02-17T15:57:57","date_gmt":"2021-02-17T20:57:57","guid":{"rendered":"http:\/\/formalprision.com\/?p=84697"},"modified":"2021-02-17T21:23:19","modified_gmt":"2021-02-18T02:23:19","slug":"afirman-que-el-tren-maya-es-respetuoso-de-merida-y-sus-habitantes","status":"publish","type":"post","link":"https:\/\/formalprision.com\/?p=84697","title":{"rendered":"Afirman que el Tren Maya es respetuoso de M\u00e9rida y sus habitantes"},"content":{"rendered":"\n<p>Recibimos el siguiente comunicado sobre el Tren Maya<\/p>\n\n\n\n<p>El proyecto de Tren Maya toma en cuenta el valor hist\u00f3rico, cultural y patrimonial de la Ciudad de M\u00e9rida y tiene la intenci\u00f3n de contribuir en todo momento al desarrollo integral de sus habitantes.<\/p>\n\n\n\n<p>Las acciones de vivienda que surjan como consecuencia del Proyecto Tren Maya tienen un componente participativo relevante, en ning\u00fan momento el proyecto plantea forzar decisiones o, como algunos actores han utilizado, con intenciones ajenas a las de la ciudadan\u00eda, la palabra \u201cdesplazar\u201d. No es el objetivo del proyecto del Tren Maya y en ese sentido, las y los vecinos que escuchen o reciban esa informaci\u00f3n deber\u00e1n de tomar en cuenta que es informaci\u00f3n FALSA.<\/p>\n\n\n\n<p>Las decisiones se tomar\u00e1n de manera directa en consenso con cada familia, a quienes se les informar\u00e1 sobre las propuestas de acciones de vivienda. De ninguna manera esta concertaci\u00f3n se realizar\u00e1 a trav\u00e9s de intermediarios o interlocutores.<\/p>\n\n\n\n<p>En el caso de las familias que habitan en la zona conocida como \u201cLa Plancha\u201d deben tener la certeza que un equipo de trabajo estar\u00e1 acompa\u00f1\u00e1ndolos en todo momento e informando de manera oportuna, con el objetivo de construir de manera conjunta una ruta que contribuya a su bienestar.<\/p>\n","protected":false},"excerpt":{"rendered":"<p>Recibimos el siguiente comunicado sobre el Tren Maya El proyecto de Tren Maya toma en cuenta el valor hist\u00f3rico, cultural y patrimonial de la Ciudad de M\u00e9rida y tiene la<\/p>\n","protected":false},"author":2,"featured_media":84699,"comment_status":"open","ping_status":"open","sticky":false,"template":"","format":"standard","meta":{"jetpack_post_was_ever_published":false,"_jetpack_newsletter_access":"","_jetpack_dont_email_post_to_subs":false,"_jetpack_newsletter_tier_id":0,"_jetpack_memberships_contains_paywalled_content":false,"_jetpack_memberships_contains_paid_content":false,"footnotes":"","jetpack_publicize_message":"","jetpack_publicize_feature_enabled":true,"jetpack_social_post_already_shared":true,"jetpack_social_options":{"image_generator_settings":{"template":"highway","default_image_id":0,"font":"","enabled":false},"version":2}},"categories":[14],"tags":[],"class_list":["post-84697","post","type-post","status-publish","format-standard","has-post-thumbnail","hentry","category-merida"],"jetpack_publicize_connections":[],"jetpack_featured_media_url":"https:\/\/formalprision.com\/wp-content\/uploads\/2021\/02\/palncha.jpeg","jetpack_sharing_enabled":true,"jetpack_shortlink":"https:\/\/wp.me\/p6id8p-m25","_links":{"self":[{"href":"https:\/\/formalprision.com\/index.php?rest_route=\/wp\/v2\/posts\/84697","targetHints":{"allow":["GET"]}}],"collection":[{"href":"https:\/\/formalprision.com\/index.php?rest_route=\/wp\/v2\/posts"}],"about":[{"href":"https:\/\/formalprision.com\/index.php?rest_route=\/wp\/v2\/types\/post"}],"author":[{"embeddable":true,"href":"https:\/\/formalprision.com\/index.php?rest_route=\/wp\/v2\/users\/2"}],"replies":[{"embeddable":true,"href":"https:\/\/formalprision.com\/index.php?rest_route=%2Fwp%2Fv2%2Fcomments&post=84697"}],"version-history":[{"count":0,"href":"https:\/\/formalprision.com\/index.php?rest_route=\/wp\/v2\/posts\/84697\/revisions"}],"wp:featuredmedia":[{"embeddable":true,"href":"https:\/\/formalprision.com\/index.php?rest_route=\/wp\/v2\/media\/84699"}],"wp:attachment":[{"href":"https:\/\/formalprision.com\/index.php?rest_route=%2Fwp%2Fv2%2Fmedia&parent=84697"}],"wp:term":[{"taxonomy":"category","embeddable":true,"href":"https:\/\/formalprision.com\/index.php?rest_route=%2Fwp%2Fv2%2Fcategories&post=84697"},{"taxonomy":"post_tag","embeddable":true,"href":"https:\/\/formalprision.com\/index.php?rest_route=%2Fwp%2Fv2%2Ftags&post=84697"}],"curies":[{"name":"wp","href":"https:\/\/api.w.org\/{rel}","templated":true}]}}