{"id":84762,"date":"2021-02-19T14:54:45","date_gmt":"2021-02-19T19:54:45","guid":{"rendered":"http:\/\/formalprision.com\/?p=84762"},"modified":"2021-02-19T14:54:45","modified_gmt":"2021-02-19T19:54:45","slug":"coparmex-pide-a-diputados-que-analicen-impacto-de-reforma-electrica-de-amlo","status":"publish","type":"post","link":"https:\/\/formalprision.com\/?p=84762","title":{"rendered":"Coparmex pide a diputados que analicen impacto de reforma el\u00e9ctrica de AMLO"},"content":{"rendered":"\n<p>Recibimos de Coparmex M\u00e9rida el siguiente comunicado con respecto a la iniciativa de reforma energ\u00e9tica que propuso el presidente Andr\u00e9s Manuel L\u00f3pez Obrador:<\/p>\n\n\n\n<p>\u25cf Aprobar la iniciativa preferente enviada por el Ejecutivo impactar\u00e1 en las tarifas y da\u00f1ar\u00e1 econom\u00eda de familias, trabajadores y empresas<\/p>\n\n\n\n<p>\u25cf Hay que privilegiar a los usuarios y no a una sola empresa, como la CFE.<\/p>\n\n\n\n<p>Los recientes apagones y las crecientes fallas en el sistema el\u00e9ctrico nacional que est\u00e1n afectando no s\u00f3lo a las empresas sino a miles de familias, nos obligan a reflexionar si la pretensi\u00f3n de reformar la actual Ley de la Industria El\u00e9ctrica no terminar\u00e1 perjudicando a los mexicanos para beneficiar a una sola empresa, en este caso la CFE.<\/p>\n\n\n\n<p>Tan s\u00f3lo en estos d\u00edas, se han perdido m\u00e1s de mil 500 millones de pesos y se afect\u00f3 al 80 por ciento de las maquiladoras y sus trabajadores, a usuarios y familias completas, a enfermos cuya salud depende de aparatos el\u00e9ctricos y a peque\u00f1os y medianos emprendedores que apenas estaban reactivando sus labores tras la restricciones impuestas por los sem\u00e1foros<br>epidemiol\u00f3gicos en color rojo.<\/p>\n\n\n\n<p>En este contexto, COPARMEX ante la desatenci\u00f3n a las recomendaciones emitidas en d\u00edas previos en di\u00e1logos sostenidos con el Congreso, ha decidido mediante cartas enviadas a los diputados federales Limbert Interian Gallegos, Juan Jos\u00e9 P\u00e9rez Canul, Mar\u00eda Esther Alonzo Morales, Cecilia Patr\u00f3n Laviada, Dulce Mar\u00eda Sauri Sierra, El\u00edas Lixa Abimerhi y Jes\u00fas Carlos Vidal Peniche y de todo el pa\u00eds, advertir los severos da\u00f1os que puede tener la decisi\u00f3n de aprobar esa reforma tal como la envi\u00f3 la Presidencia de la Rep\u00fablica.<\/p>\n\n\n\n<p>El primer efecto pernicioso de aprobarse la iniciativa preferente en sus t\u00e9rminos, es un alza en las tarifas. Estas aumentar\u00e1n 17% y el costo deber\u00e1 ser pagado por los usuarios o mediante subsidios por la Secretar\u00eda de Hacienda y Cr\u00e9dito P\u00fablico, lo que significa que a final de cuentas<br>ser\u00e1n los mexicanos quienes asuman ese costo, ya sea en el recibo o mediante impuestos.<\/p>\n\n\n\n<p>Tampoco se generar\u00e1 mayor eficiencia. El costo total de la energ\u00eda producida por las plantas de la CFE fue 26% mayor al de la generaci\u00f3n de los productores independientes de energ\u00eda y tuvo el doble del costo obtenido en las Subastas de Largo Plazo.<\/p>\n\n\n\n<p>Esto no es lo deseable, ni para el Pa\u00eds ni para los ciudadanos.<\/p>\n\n\n\n<p>M\u00e9xico necesita seguridad energ\u00e9tica y con los recientes apagones en diversos estados del pa\u00eds ha quedado de manifiesto que garantizar un servicio confiable, suficiente y de calidad, requiere de la participaci\u00f3n de la inversi\u00f3n privada para coadyuvar en esta meta.<\/p>\n\n\n\n<p>No se trata de un debate ideol\u00f3gico, sino que se debe poner al centro de la toma de decisiones a los ciudadanos de a pie, quienes no merecen pagar tarifas m\u00e1s altas por un servicio b\u00e1sico cada vez de menor calidad.<\/p>\n\n\n\n<p>Ante la tentativa de modificar la ley para beneficiar a una empresa (CFE), a costa de sacrificar al usuario final, a las familias, a los trabajadores, a los peque\u00f1os y medianos empresarios que buscan mantener a flote sus negocios, no podemos permanecer pasivos.<\/p>\n\n\n\n<p>En esas cartas enviadas a los diputados federales tambi\u00e9n se dej\u00f3 en claro que desde COPARMEX estaremos atentos al sentido de su voto en esta agenda tan relevante, y que confiamos en que su decisi\u00f3n ser\u00e1 rechazar los t\u00e9rminos en que se encuentra la iniciativa preferente para dar pie a un espacio de an\u00e1lisis y reflexi\u00f3n m\u00e1s profunda sobre el tema que permita a los legisladores estar a la altura de los desaf\u00edos que enfrenta el pa\u00eds y de las soluciones que se requieren en beneficio exclusivo de los mexicanos y no de cualquier otro inter\u00e9s.<\/p>\n","protected":false},"excerpt":{"rendered":"<p>Recibimos de Coparmex M\u00e9rida el siguiente comunicado con respecto a la iniciativa de reforma energ\u00e9tica que propuso el presidente Andr\u00e9s Manuel L\u00f3pez Obrador: \u25cf Aprobar la iniciativa preferente enviada por<\/p>\n","protected":false},"author":2,"featured_media":84764,"comment_status":"open","ping_status":"open","sticky":false,"template":"","format":"standard","meta":{"jetpack_post_was_ever_published":false,"_jetpack_newsletter_access":"","_jetpack_dont_email_post_to_subs":false,"_jetpack_newsletter_tier_id":0,"_jetpack_memberships_contains_paywalled_content":false,"_jetpack_memberships_contains_paid_content":false,"footnotes":"","jetpack_publicize_message":"Coparmex pide a los diputados que analicen bien el impacto de reforma el\u00e9ctrica de AMLO antes de aprobarla.","jetpack_publicize_feature_enabled":true,"jetpack_social_post_already_shared":true,"jetpack_social_options":{"image_generator_settings":{"template":"highway","default_image_id":0,"font":"","enabled":false},"version":2}},"categories":[21],"tags":[],"class_list":["post-84762","post","type-post","status-publish","format-standard","has-post-thumbnail","hentry","category-nacionales"],"jetpack_publicize_connections":[],"jetpack_featured_media_url":"https:\/\/formalprision.com\/wp-content\/uploads\/2021\/02\/lectrica.jpg","jetpack_sharing_enabled":true,"jetpack_shortlink":"https:\/\/wp.me\/p6id8p-m38","_links":{"self":[{"href":"https:\/\/formalprision.com\/index.php?rest_route=\/wp\/v2\/posts\/84762","targetHints":{"allow":["GET"]}}],"collection":[{"href":"https:\/\/formalprision.com\/index.php?rest_route=\/wp\/v2\/posts"}],"about":[{"href":"https:\/\/formalprision.com\/index.php?rest_route=\/wp\/v2\/types\/post"}],"author":[{"embeddable":true,"href":"https:\/\/formalprision.com\/index.php?rest_route=\/wp\/v2\/users\/2"}],"replies":[{"embeddable":true,"href":"https:\/\/formalprision.com\/index.php?rest_route=%2Fwp%2Fv2%2Fcomments&post=84762"}],"version-history":[{"count":0,"href":"https:\/\/formalprision.com\/index.php?rest_route=\/wp\/v2\/posts\/84762\/revisions"}],"wp:featuredmedia":[{"embeddable":true,"href":"https:\/\/formalprision.com\/index.php?rest_route=\/wp\/v2\/media\/84764"}],"wp:attachment":[{"href":"https:\/\/formalprision.com\/index.php?rest_route=%2Fwp%2Fv2%2Fmedia&parent=84762"}],"wp:term":[{"taxonomy":"category","embeddable":true,"href":"https:\/\/formalprision.com\/index.php?rest_route=%2Fwp%2Fv2%2Fcategories&post=84762"},{"taxonomy":"post_tag","embeddable":true,"href":"https:\/\/formalprision.com\/index.php?rest_route=%2Fwp%2Fv2%2Ftags&post=84762"}],"curies":[{"name":"wp","href":"https:\/\/api.w.org\/{rel}","templated":true}]}}