{"id":84796,"date":"2021-02-20T13:11:05","date_gmt":"2021-02-20T18:11:05","guid":{"rendered":"http:\/\/formalprision.com\/?p=84796"},"modified":"2021-02-21T11:18:18","modified_gmt":"2021-02-21T16:18:18","slug":"lopez-gatell-da-positivo-a-covid-19","status":"publish","type":"post","link":"https:\/\/formalprision.com\/?p=84796","title":{"rendered":"L\u00f3pez-Gatell da positivo a Covid-19"},"content":{"rendered":"\n<p>Mediante su cuenta de Twitter, el subsecretario de Prevenci\u00f3n y Promoci\u00f3n de la Salud, Hugo L\u00f3pez-Gatell, inform\u00f3 que dio positivo a Covid-19.<\/p>\n\n\n\n<p>Detall\u00f3 que present\u00f3 s\u00edntomas leves ayer por la noche por lo que decidi\u00f3 hacerse la prueba de ant\u00edgenos la cual dio positivo, resaltando que se encuentra en espera del resultado de la prueba PCR.<\/p>\n\n\n\n<p>Asimismo, detall\u00f3 que estar\u00e1 trabajando desde su casa al pendiente de la estrategia de vacunaci\u00f3n.<\/p>\n","protected":false},"excerpt":{"rendered":"<p>Mediante su cuenta de Twitter, el subsecretario de Prevenci\u00f3n y Promoci\u00f3n de la Salud, Hugo L\u00f3pez-Gatell, inform\u00f3 que dio positivo a Covid-19. Detall\u00f3 que present\u00f3 s\u00edntomas leves ayer por la<\/p>\n","protected":false},"author":2,"featured_media":84798,"comment_status":"open","ping_status":"open","sticky":false,"template":"","format":"standard","meta":{"jetpack_post_was_ever_published":false,"_jetpack_newsletter_access":"","_jetpack_dont_email_post_to_subs":false,"_jetpack_newsletter_tier_id":0,"_jetpack_memberships_contains_paywalled_content":false,"_jetpack_memberships_contains_paid_content":false,"footnotes":"","jetpack_publicize_message":"","jetpack_publicize_feature_enabled":true,"jetpack_social_post_already_shared":true,"jetpack_social_options":{"image_generator_settings":{"template":"highway","default_image_id":0,"font":"","enabled":false},"version":2}},"categories":[23,21],"tags":[],"class_list":["post-84796","post","type-post","status-publish","format-standard","has-post-thumbnail","hentry","category-del-mundo","category-nacionales"],"jetpack_publicize_connections":[],"jetpack_featured_media_url":"https:\/\/formalprision.com\/wp-content\/uploads\/2021\/02\/gatell.jpg","jetpack_sharing_enabled":true,"jetpack_shortlink":"https:\/\/wp.me\/p6id8p-m3G","_links":{"self":[{"href":"https:\/\/formalprision.com\/index.php?rest_route=\/wp\/v2\/posts\/84796","targetHints":{"allow":["GET"]}}],"collection":[{"href":"https:\/\/formalprision.com\/index.php?rest_route=\/wp\/v2\/posts"}],"about":[{"href":"https:\/\/formalprision.com\/index.php?rest_route=\/wp\/v2\/types\/post"}],"author":[{"embeddable":true,"href":"https:\/\/formalprision.com\/index.php?rest_route=\/wp\/v2\/users\/2"}],"replies":[{"embeddable":true,"href":"https:\/\/formalprision.com\/index.php?rest_route=%2Fwp%2Fv2%2Fcomments&post=84796"}],"version-history":[{"count":0,"href":"https:\/\/formalprision.com\/index.php?rest_route=\/wp\/v2\/posts\/84796\/revisions"}],"wp:featuredmedia":[{"embeddable":true,"href":"https:\/\/formalprision.com\/index.php?rest_route=\/wp\/v2\/media\/84798"}],"wp:attachment":[{"href":"https:\/\/formalprision.com\/index.php?rest_route=%2Fwp%2Fv2%2Fmedia&parent=84796"}],"wp:term":[{"taxonomy":"category","embeddable":true,"href":"https:\/\/formalprision.com\/index.php?rest_route=%2Fwp%2Fv2%2Fcategories&post=84796"},{"taxonomy":"post_tag","embeddable":true,"href":"https:\/\/formalprision.com\/index.php?rest_route=%2Fwp%2Fv2%2Ftags&post=84796"}],"curies":[{"name":"wp","href":"https:\/\/api.w.org\/{rel}","templated":true}]}}