{"id":84809,"date":"2021-02-21T09:56:33","date_gmt":"2021-02-21T14:56:33","guid":{"rendered":"http:\/\/formalprision.com\/?p=84809"},"modified":"2021-02-21T15:13:54","modified_gmt":"2021-02-21T20:13:54","slug":"pronostican-para-manana-la-llegada-de-frente-frio-debil-a-yucatan","status":"publish","type":"post","link":"https:\/\/formalprision.com\/?p=84809","title":{"rendered":"Pronostican para este lunes la llegada de frente fr\u00edo d\u00e9bil a Yucat\u00e1n"},"content":{"rendered":"\n<p>La Coordinaci\u00f3n Estatal de Protecci\u00f3n Civil (Procivy) informa sobre el ingreso de un frente fr\u00edo d\u00e9bil al poniente de Yucat\u00e1n, durante la tarde-noche del pr\u00f3ximo lunes 22 de febrero, con evento norte moderado y lluvias ligeras a moderadas con chubascos dispersos.<\/p>\n\n\n\n<p>Mediante el Centro Estatal de Monitoreo y Alertamiento, la instancia adelant\u00f3 que el sistema provocar\u00e1 temperaturas m\u00ednimas de 16 a 19 grados cent\u00edgrados, en la mayor parte de la entidad, y de 19 a 21 en la zona costera, as\u00ed como un ligero incremento en el oleaje a 1.5 y hasta 1.8 metros.<\/p>\n\n\n\n<p>El titular de Procivy, Enrique Alcocer Basto, indic\u00f3 que debido a las condiciones meteorol\u00f3gicas que dej\u00f3 el sistema frontal pasado, las temperaturas no se recuperan del todo, y aunque se mantendr\u00e1 el ambiente c\u00e1lido durante el d\u00eda, ser\u00e1 fresco por las noches principalmente antes del amanecer.<\/p>\n\n\n\n<p>Por lo anterior, recomend\u00f3 a la poblaci\u00f3n abrigarse y evitar cambios bruscos de temperatura, cubrir nariz y boca para no respirar aire fr\u00edo, consumir l\u00edquidos, frutas y verduras con vitaminas A y C, y lavarse las manos con frecuencia.<\/p>\n\n\n\n<p>De igual manera, sugiri\u00f3 no fumar en lugares cerrados o cerca de ni\u00f1as, ni\u00f1os, personas enfermas y adultas mayores, adem\u00e1s de estar pendientes de la informaci\u00f3n que emita la dependencia.<\/p>\n","protected":false},"excerpt":{"rendered":"<p>La Coordinaci\u00f3n Estatal de Protecci\u00f3n Civil (Procivy) informa sobre el ingreso de un frente fr\u00edo d\u00e9bil al poniente de Yucat\u00e1n, durante la tarde-noche del pr\u00f3ximo lunes 22 de febrero, con<\/p>\n","protected":false},"author":2,"featured_media":84811,"comment_status":"open","ping_status":"open","sticky":false,"template":"","format":"standard","meta":{"jetpack_post_was_ever_published":false,"_jetpack_newsletter_access":"","_jetpack_dont_email_post_to_subs":false,"_jetpack_newsletter_tier_id":0,"_jetpack_memberships_contains_paywalled_content":false,"_jetpack_memberships_contains_paid_content":false,"footnotes":"","jetpack_publicize_message":"El d\u00e9bil frente fr\u00edo prolongar\u00e1 las bajas temperaturas en Yucat\u00e1n.","jetpack_publicize_feature_enabled":true,"jetpack_social_post_already_shared":true,"jetpack_social_options":{"image_generator_settings":{"template":"highway","default_image_id":0,"font":"","enabled":false},"version":2}},"categories":[54],"tags":[],"class_list":["post-84809","post","type-post","status-publish","format-standard","has-post-thumbnail","hentry","category-yucatan"],"jetpack_publicize_connections":[],"jetpack_featured_media_url":"https:\/\/formalprision.com\/wp-content\/uploads\/2021\/02\/debil.jpg","jetpack_sharing_enabled":true,"jetpack_shortlink":"https:\/\/wp.me\/p6id8p-m3T","_links":{"self":[{"href":"https:\/\/formalprision.com\/index.php?rest_route=\/wp\/v2\/posts\/84809","targetHints":{"allow":["GET"]}}],"collection":[{"href":"https:\/\/formalprision.com\/index.php?rest_route=\/wp\/v2\/posts"}],"about":[{"href":"https:\/\/formalprision.com\/index.php?rest_route=\/wp\/v2\/types\/post"}],"author":[{"embeddable":true,"href":"https:\/\/formalprision.com\/index.php?rest_route=\/wp\/v2\/users\/2"}],"replies":[{"embeddable":true,"href":"https:\/\/formalprision.com\/index.php?rest_route=%2Fwp%2Fv2%2Fcomments&post=84809"}],"version-history":[{"count":0,"href":"https:\/\/formalprision.com\/index.php?rest_route=\/wp\/v2\/posts\/84809\/revisions"}],"wp:featuredmedia":[{"embeddable":true,"href":"https:\/\/formalprision.com\/index.php?rest_route=\/wp\/v2\/media\/84811"}],"wp:attachment":[{"href":"https:\/\/formalprision.com\/index.php?rest_route=%2Fwp%2Fv2%2Fmedia&parent=84809"}],"wp:term":[{"taxonomy":"category","embeddable":true,"href":"https:\/\/formalprision.com\/index.php?rest_route=%2Fwp%2Fv2%2Fcategories&post=84809"},{"taxonomy":"post_tag","embeddable":true,"href":"https:\/\/formalprision.com\/index.php?rest_route=%2Fwp%2Fv2%2Ftags&post=84809"}],"curies":[{"name":"wp","href":"https:\/\/api.w.org\/{rel}","templated":true}]}}