{"id":84854,"date":"2021-02-22T11:07:36","date_gmt":"2021-02-22T16:07:36","guid":{"rendered":"http:\/\/formalprision.com\/?p=84854"},"modified":"2021-02-22T11:07:36","modified_gmt":"2021-02-22T16:07:36","slug":"aseguran-que-el-tren-maya-contribuye-a-la-reactivacion-economica-del-sureste","status":"publish","type":"post","link":"https:\/\/formalprision.com\/?p=84854","title":{"rendered":"Aseguran que el Tren Maya contribuye a la reactivaci\u00f3n econ\u00f3mica del sureste"},"content":{"rendered":"\n<p>Recibimos el comunicado semanal sobre los avances de obra del Tren Maya:<\/p>\n\n\n\n<p>Uno de los principales objetivos del Tren Maya es detonar la econom\u00eda de la regi\u00f3n y que la inversi\u00f3n de este proyecto se traduzca en bienestar para la gente del sureste.<\/p>\n\n\n\n<p>Como resultado del proceso de construcci\u00f3n, se han generado 36,859 empleos en los cuatro primeros tramos que representan la ruta de Palenque a Canc\u00fan, de los cuales 70% es mano de obra local.<\/p>\n\n\n\n<p>Tambi\u00e9n es importante destacar las obras adicionales que se realizan, como la ampliaci\u00f3n de la autopista en el Tramo 4 que va de Izamal a Canc\u00fan. Preparamos la instalaci\u00f3n de cuatro plantas de prefabricados para la fabricaci\u00f3n de 560 trabes de puente y 216 km de barrera central, y est\u00e1n en proceso de montaje dos patios de prefabricados para producci\u00f3n de trabes, barrera central y durmientes.<\/p>\n\n\n\n<p>En cuanto a la producci\u00f3n de materiales, trabajan cuatro trenes de trituraci\u00f3n para obtener agregados p\u00e9treos que conformar\u00e1n las distintas capas de pavimentos y concretos.<\/p>\n\n\n\n<p>Avances generales de la obra:<\/p>\n\n\n\n<p>-En el tramo 1, avanzan los trabajos de terracer\u00eda, formaci\u00f3n de terrapl\u00e9n, desmonte, acostillamiento de tuber\u00edas y las labores de rescate de flora y fauna.<\/p>\n\n\n\n<p>-En el tramo 2, continuamos el desmontaje de la v\u00eda antigua, la formaci\u00f3n de pedrapl\u00e9n y terrapl\u00e9n, as\u00ed como la fabricaci\u00f3n de durmientes.<\/p>\n\n\n\n<p>-En el tramo 3, proseguimos con la excavaci\u00f3n de material rocoso, la construcci\u00f3n de pasos vehiculares y finalizamos las obras de drenaje transversal en distintos subtramos.<\/p>\n\n\n\n<p>-En el tramo 4, realizamos trabajos de subrasante y subyacente, actividades de terracer\u00eda y avanzamos en la demolici\u00f3n de carpeta asf\u00e1ltica.<\/p>\n","protected":false},"excerpt":{"rendered":"<p>Recibimos el comunicado semanal sobre los avances de obra del Tren Maya: Uno de los principales objetivos del Tren Maya es detonar la econom\u00eda de la regi\u00f3n y que la<\/p>\n","protected":false},"author":2,"featured_media":84856,"comment_status":"open","ping_status":"open","sticky":false,"template":"","format":"standard","meta":{"jetpack_post_was_ever_published":false,"_jetpack_newsletter_access":"","_jetpack_dont_email_post_to_subs":false,"_jetpack_newsletter_tier_id":0,"_jetpack_memberships_contains_paywalled_content":false,"_jetpack_memberships_contains_paid_content":false,"footnotes":"","jetpack_publicize_message":"Destacan las obras adicionales que se realizan, como la ampliaci\u00f3n de la autopista en el Tramo 4 que va de Izamal a Canc\u00fan. ","jetpack_publicize_feature_enabled":true,"jetpack_social_post_already_shared":true,"jetpack_social_options":{"image_generator_settings":{"template":"highway","default_image_id":0,"font":"","enabled":false},"version":2}},"categories":[14],"tags":[],"class_list":["post-84854","post","type-post","status-publish","format-standard","has-post-thumbnail","hentry","category-merida"],"jetpack_publicize_connections":[],"jetpack_featured_media_url":"https:\/\/formalprision.com\/wp-content\/uploads\/2021\/02\/Semana-27_Tren-Maya-Yucatan_-3.jpg","jetpack_sharing_enabled":true,"jetpack_shortlink":"https:\/\/wp.me\/p6id8p-m4C","_links":{"self":[{"href":"https:\/\/formalprision.com\/index.php?rest_route=\/wp\/v2\/posts\/84854","targetHints":{"allow":["GET"]}}],"collection":[{"href":"https:\/\/formalprision.com\/index.php?rest_route=\/wp\/v2\/posts"}],"about":[{"href":"https:\/\/formalprision.com\/index.php?rest_route=\/wp\/v2\/types\/post"}],"author":[{"embeddable":true,"href":"https:\/\/formalprision.com\/index.php?rest_route=\/wp\/v2\/users\/2"}],"replies":[{"embeddable":true,"href":"https:\/\/formalprision.com\/index.php?rest_route=%2Fwp%2Fv2%2Fcomments&post=84854"}],"version-history":[{"count":0,"href":"https:\/\/formalprision.com\/index.php?rest_route=\/wp\/v2\/posts\/84854\/revisions"}],"wp:featuredmedia":[{"embeddable":true,"href":"https:\/\/formalprision.com\/index.php?rest_route=\/wp\/v2\/media\/84856"}],"wp:attachment":[{"href":"https:\/\/formalprision.com\/index.php?rest_route=%2Fwp%2Fv2%2Fmedia&parent=84854"}],"wp:term":[{"taxonomy":"category","embeddable":true,"href":"https:\/\/formalprision.com\/index.php?rest_route=%2Fwp%2Fv2%2Fcategories&post=84854"},{"taxonomy":"post_tag","embeddable":true,"href":"https:\/\/formalprision.com\/index.php?rest_route=%2Fwp%2Fv2%2Ftags&post=84854"}],"curies":[{"name":"wp","href":"https:\/\/api.w.org\/{rel}","templated":true}]}}