{"id":84864,"date":"2021-02-22T13:06:31","date_gmt":"2021-02-22T18:06:31","guid":{"rendered":"http:\/\/formalprision.com\/?p=84864"},"modified":"2021-02-22T13:06:31","modified_gmt":"2021-02-22T18:06:31","slug":"cruz-roja-comprometida-con-ayuda-a-los-mas-necesitados-en-yucatan","status":"publish","type":"post","link":"https:\/\/formalprision.com\/?p=84864","title":{"rendered":"Cruz Roja, comprometida con ayuda a los m\u00e1s necesitados en Yucat\u00e1n"},"content":{"rendered":"\n<p>Como parte de las actividades con motivo del 111 Aniversario de Cruz Roja Mexicana, voluntarios de la Delegaci\u00f3n Yucat\u00e1n acudieron a la colonia San Jos\u00e9 Tecoh 3, m\u00e1s conocida como la zona de \u201cla mielera\u201d para entregar cubrebocas, leche y chocolate en polvo a m\u00e1s de 200 familias que viven en el lugar.\u00a0\u00a0<\/p>\n\n\n\n<p>En representaci\u00f3n de la Delegada Estatal Michelle Byrne de Rodr\u00edguez, la Coordinadora Estatal de Delegaciones, Dianela Alcocer M\u00e9ndez, resalt\u00f3 la labor de las y los voluntarios que recorrieron el asentamiento casa por casa para hacer la entrega de estos productos, al tiempo que le recordaban a la poblaci\u00f3n la importancia de continuar cuid\u00e1ndose con medidas como la sana distancia y el uso de las mascarillas.&nbsp;&nbsp;<\/p>\n\n\n\n<p>Las madres de familia Noem\u00ed Calder\u00f3n May y Ana Mar\u00eda \u00c1lvarez Carballo, quienes llevan alrededor de cuatro a\u00f1os viviendo en el sitio agradecieron el tiempo que se tomaron los voluntarios para acudir a llevar los apoyos e indicaron que la mayor parte de los que ah\u00ed habitan, tienen hijos peque\u00f1os por lo que la entrega de la leche en polvo ser\u00e1 de mucha ayuda para ellos.&nbsp;&nbsp;<\/p>\n\n\n\n<p>Francisca Maga\u00f1a Chan, abuelita de la tercera edad y quien cuida a sus dos nietos menores de edad tambi\u00e9n extern\u00f3 su agradecimiento al recibir los productos.&nbsp;<\/p>\n\n\n\n<p>Por su parte, Alcocer M\u00e9ndez explic\u00f3 que dentro del personal de Cruz Roja que asisti\u00f3 a la actividad se encuentran coordinadores de \u00e1reas, alumnos y param\u00e9dicos que de forma desinteresada realizan estas acciones sociales en su tiempo libre.&nbsp;&nbsp;<\/p>\n\n\n\n<p>Asimismo, el Coordinador Estatal de Voluntariado, Antonio Garc\u00eda Fuentes se\u00f1al\u00f3 que la mejor forma de conmemorar los 111 a\u00f1os de la creaci\u00f3n de la Cruz Roja Mexicana es realizando diversas tareas en beneficio de las personas vulnerables a quienes se debe la misi\u00f3n de la benem\u00e9rita instituci\u00f3n.&nbsp;&nbsp;<\/p>\n\n\n\n<p>&nbsp;\u201cHace unos meses nos pusimos en contacto con las familias y detectamos la necesidad de apoyar a las y los ni\u00f1os y con este suplemento alimenticio podr\u00e1n reforzar su salud, nosotros por nuestra parte nos llevamos la alegr\u00eda de poder ayudarlos\u201d, agreg\u00f3 Garc\u00eda Fuentes.&nbsp;&nbsp;<\/p>\n\n\n\n<p>En Yucat\u00e1n la instituci\u00f3n tiene presencia desde hace 78 a\u00f1os, cuenta con siete delegaciones locales en M\u00e9rida, Progreso, Valladolid, Tizim\u00edn, Motul, Ticul y Tekax y cinco bases distribuidas en Chel\u00e9m, Chuburn\u00e1, Hunucm\u00e1, Tinal y Pist\u00e9.&nbsp;&nbsp;<\/p>\n\n\n\n<p>Para el operativo de la entrega de los apoyos a las 210 viviendas del sur de la ciudad, los voluntarios se dividieron en dos grupos dirigidos por Florentina Lara Balderas y Jorge Contreras Lizama, Coordinadores Estatales de Prevenci\u00f3n y Capacitaci\u00f3n respectivamente, as\u00ed como de la presencia de dos ambulancias.&nbsp;&nbsp;<\/p>\n\n\n\n<p>Hoy, al conmemorarse un aniversario m\u00e1s de la Cruz Roja Mexicana, la Sede Nacional en M\u00e9xico, realizar\u00e1 una ceremonia en l\u00ednea que se transmitir\u00e1 por redes sociales a las 9 de la ma\u00f1ana.\u00a0\u00a0<\/p>\n","protected":false},"excerpt":{"rendered":"<p>Como parte de las actividades con motivo del 111 Aniversario de Cruz Roja Mexicana, voluntarios de la Delegaci\u00f3n Yucat\u00e1n acudieron a la colonia San Jos\u00e9 Tecoh 3, m\u00e1s conocida como<\/p>\n","protected":false},"author":2,"featured_media":84867,"comment_status":"open","ping_status":"open","sticky":false,"template":"","format":"standard","meta":{"jetpack_post_was_ever_published":false,"_jetpack_newsletter_access":"","_jetpack_dont_email_post_to_subs":false,"_jetpack_newsletter_tier_id":0,"_jetpack_memberships_contains_paywalled_content":false,"_jetpack_memberships_contains_paid_content":false,"footnotes":"","jetpack_publicize_message":"Hoy la Cruz Roja Mexicana celebra su 111 aniversario.","jetpack_publicize_feature_enabled":true,"jetpack_social_post_already_shared":true,"jetpack_social_options":{"image_generator_settings":{"template":"highway","default_image_id":0,"font":"","enabled":false},"version":2}},"categories":[54],"tags":[],"class_list":["post-84864","post","type-post","status-publish","format-standard","has-post-thumbnail","hentry","category-yucatan"],"jetpack_publicize_connections":[],"jetpack_featured_media_url":"https:\/\/formalprision.com\/wp-content\/uploads\/2021\/02\/crm-mielera-4.jpg","jetpack_sharing_enabled":true,"jetpack_shortlink":"https:\/\/wp.me\/p6id8p-m4M","_links":{"self":[{"href":"https:\/\/formalprision.com\/index.php?rest_route=\/wp\/v2\/posts\/84864","targetHints":{"allow":["GET"]}}],"collection":[{"href":"https:\/\/formalprision.com\/index.php?rest_route=\/wp\/v2\/posts"}],"about":[{"href":"https:\/\/formalprision.com\/index.php?rest_route=\/wp\/v2\/types\/post"}],"author":[{"embeddable":true,"href":"https:\/\/formalprision.com\/index.php?rest_route=\/wp\/v2\/users\/2"}],"replies":[{"embeddable":true,"href":"https:\/\/formalprision.com\/index.php?rest_route=%2Fwp%2Fv2%2Fcomments&post=84864"}],"version-history":[{"count":0,"href":"https:\/\/formalprision.com\/index.php?rest_route=\/wp\/v2\/posts\/84864\/revisions"}],"wp:featuredmedia":[{"embeddable":true,"href":"https:\/\/formalprision.com\/index.php?rest_route=\/wp\/v2\/media\/84867"}],"wp:attachment":[{"href":"https:\/\/formalprision.com\/index.php?rest_route=%2Fwp%2Fv2%2Fmedia&parent=84864"}],"wp:term":[{"taxonomy":"category","embeddable":true,"href":"https:\/\/formalprision.com\/index.php?rest_route=%2Fwp%2Fv2%2Fcategories&post=84864"},{"taxonomy":"post_tag","embeddable":true,"href":"https:\/\/formalprision.com\/index.php?rest_route=%2Fwp%2Fv2%2Ftags&post=84864"}],"curies":[{"name":"wp","href":"https:\/\/api.w.org\/{rel}","templated":true}]}}