{"id":8493,"date":"2011-04-01T14:24:00","date_gmt":"2011-04-01T14:24:00","guid":{"rendered":"http:\/\/formalprision.info\/2011\/04\/01\/seis-heridos-en-encontronazo-en-la\/"},"modified":"2015-06-03T08:57:52","modified_gmt":"2015-06-03T08:57:52","slug":"seis-heridos-en-encontronazo-en-la","status":"publish","type":"post","link":"https:\/\/formalprision.com\/?p=8493","title":{"rendered":"Seis heridos en encontronazo en la carretera a Progreso"},"content":{"rendered":"<p><a href=\"http:\/\/3.bp.blogspot.com\/-ttMYXhT7VgU\/TZWEbS2-06I\/AAAAAAAAC-w\/T-FU96H441E\/s1600\/aaazacarias%2Bzacarias.jpg\"><img decoding=\"async\" id=\"BLOGGER_PHOTO_ID_5590520116904121250\" style=\"FLOAT: left; MARGIN: 0px 10px 10px 0px; WIDTH: 320px; CURSOR: hand; HEIGHT: 240px\" alt=\"\" src=\"http:\/\/formalprision.com\/wp-content\/uploads\/2011\/04\/aaazacarias-zacarias.jpg\" border=\"0\" \/><\/a> <\/p>\n<div>El joven empresario progrese\u00f1o Carlos Zacar\u00edas Uc, de 25 a\u00f1os, sufri\u00f3 aparatoso accidente de tr\u00e1nsito anoche cuando transitaba en la carretera M\u00e9rida-Progreso, a la altura de Tamanch\u00e9-<\/div>\n<p><\/p>\n<div>El progrese\u00f1o manejaba la camioneta Cadillac Escalade, color negra, placas YZP-7091, cuando colision\u00f3 contra otra unidad de carga que transitaba al parecer en el mismo sentido<\/div>\n<p><\/p>\n<div>La otra camioneta colisionada es una Mercedes Benz, propiedad de la empresa de pisos y pavimentos Apser y que era manejada por Francisco Luna, originario de Puebla, de 20 a\u00f1os de edad.<\/div>\n<p><\/p>\n<div>El joven Carlos Zacar\u00edas, es gerente de la Congeladora Zacar\u00edas que funciona en Yucalpet\u00e9n y es hijo de Carlos Zacar\u00edas Dib, tambi\u00e9n conocido empresario pesquero del puerto.<\/div>\n<p><\/p>\n<div>Por el impacto, las unidades quedaron totalmente destrozadas, m\u00e1s a\u00fan la camioneta Cadillac cuyo guiador fue trasladado de urgencia al Centro M\u00e9dico Americano de Progreso (CMA) junto con su otro acompa\u00f1ante identificado como Javier Arauz P\u00e9rez, conocido como \u00abPepo\u00bb, tambi\u00e9n vecino de Progreso.<\/div>\n<p><\/p>\n<div>De la otra unidad, tambi\u00e9n resultaron lesionadas cuatro personas. (tomado del portal ProgresoHoy)<\/div>\n","protected":false},"excerpt":{"rendered":"<p>El joven empresario progrese\u00f1o Carlos Zacar\u00edas Uc, de 25 a\u00f1os, sufri\u00f3 aparatoso accidente de tr\u00e1nsito anoche cuando transitaba en la carretera M\u00e9rida-Progreso, a la altura de Tamanch\u00e9- El progrese\u00f1o manejaba<\/p>\n","protected":false},"author":1,"featured_media":26946,"comment_status":"open","ping_status":"open","sticky":false,"template":"","format":"standard","meta":{"jetpack_post_was_ever_published":false,"_jetpack_newsletter_access":"","_jetpack_dont_email_post_to_subs":false,"_jetpack_newsletter_tier_id":0,"_jetpack_memberships_contains_paywalled_content":false,"_jetpack_memberships_contains_paid_content":false,"footnotes":"","jetpack_publicize_message":"","jetpack_publicize_feature_enabled":true,"jetpack_social_post_already_shared":false,"jetpack_social_options":{"image_generator_settings":{"template":"highway","default_image_id":0,"font":"","enabled":false},"version":2}},"categories":[60,3,1],"tags":[],"class_list":["post-8493","post","type-post","status-publish","format-standard","has-post-thumbnail","hentry","category-cafres","category-portada","category-sin-categoria"],"jetpack_publicize_connections":[],"jetpack_featured_media_url":"https:\/\/formalprision.com\/wp-content\/uploads\/2011\/04\/aaazacarias-zacarias.jpg","jetpack_sharing_enabled":true,"jetpack_shortlink":"https:\/\/wp.me\/p6id8p-2cZ","_links":{"self":[{"href":"https:\/\/formalprision.com\/index.php?rest_route=\/wp\/v2\/posts\/8493","targetHints":{"allow":["GET"]}}],"collection":[{"href":"https:\/\/formalprision.com\/index.php?rest_route=\/wp\/v2\/posts"}],"about":[{"href":"https:\/\/formalprision.com\/index.php?rest_route=\/wp\/v2\/types\/post"}],"author":[{"embeddable":true,"href":"https:\/\/formalprision.com\/index.php?rest_route=\/wp\/v2\/users\/1"}],"replies":[{"embeddable":true,"href":"https:\/\/formalprision.com\/index.php?rest_route=%2Fwp%2Fv2%2Fcomments&post=8493"}],"version-history":[{"count":0,"href":"https:\/\/formalprision.com\/index.php?rest_route=\/wp\/v2\/posts\/8493\/revisions"}],"wp:featuredmedia":[{"embeddable":true,"href":"https:\/\/formalprision.com\/index.php?rest_route=\/wp\/v2\/media\/26946"}],"wp:attachment":[{"href":"https:\/\/formalprision.com\/index.php?rest_route=%2Fwp%2Fv2%2Fmedia&parent=8493"}],"wp:term":[{"taxonomy":"category","embeddable":true,"href":"https:\/\/formalprision.com\/index.php?rest_route=%2Fwp%2Fv2%2Fcategories&post=8493"},{"taxonomy":"post_tag","embeddable":true,"href":"https:\/\/formalprision.com\/index.php?rest_route=%2Fwp%2Fv2%2Ftags&post=8493"}],"curies":[{"name":"wp","href":"https:\/\/api.w.org\/{rel}","templated":true}]}}