{"id":8494,"date":"2011-03-31T18:24:00","date_gmt":"2011-03-31T18:24:00","guid":{"rendered":"http:\/\/formalprision.info\/2011\/03\/31\/taxista-que-hablaba-por-celular\/"},"modified":"2015-06-03T08:57:52","modified_gmt":"2015-06-03T08:57:52","slug":"taxista-que-hablaba-por-celular","status":"publish","type":"post","link":"https:\/\/formalprision.com\/?p=8494","title":{"rendered":"Taxista que hablaba por celular ocasiona tremendo mameyazo"},"content":{"rendered":"<p><a href=\"http:\/\/2.bp.blogspot.com\/-_wwjaJBuRvo\/TZTJ_gR9xJI\/AAAAAAAAC-Y\/M5q0-2Vem88\/s1600\/aaaaacamionazo.jpg\"><img decoding=\"async\" id=\"BLOGGER_PHOTO_ID_5590315130307855506\" style=\"FLOAT: left; MARGIN: 0px 10px 10px 0px; WIDTH: 320px; CURSOR: hand; HEIGHT: 234px\" alt=\"\" src=\"http:\/\/formalprision.com\/wp-content\/uploads\/2011\/03\/aaaaacamionazo.jpg\" border=\"0\" \/><\/a> <\/p>\n<div>Un taxista que hablaba por celular mientras manejaba caus\u00f3 tremendo accidente esta ma\u00f1ana y dej\u00f3 al menos 6 personas heridas.<\/div>\n<p><\/p>\n<div>El percance ocurri\u00f3 en la calle 79 por la Avenida Itzaes. Los pasajeros del taxi colectivo de la ruta M\u00e9rida-Um\u00e1n dijeron que el chofer iba hablando por celular, lo que ocasiona el accidente, que dej\u00f3 una persona grave, pues qued\u00f3 prensada dentro del veh\u00edculo.<\/div>\n<p><\/p>\n<div>El accidente se dio cuando el taxi placas 2062 YSB, conducido por Luis Armando Dur\u00e1n Gonz\u00e1lez, no vio que estaba estacionado un cami\u00f3n placas 801087, de la empresa Urbe de la misma ruta, pues su chofer Luis Alberto Peraza sub\u00eda pasaje y se impact\u00f3 en el veh\u00edculo.<\/div>\n<p><\/p>\n<div>Por el choque qued\u00f3 prensada Sulemy Ake Montero, quien iba como pasajera en la parte delantera.<\/div>\n<p><\/p>\n<div>Otros cinco pasajeros requirieron de atenci\u00f3n m\u00e9dica.<\/div>\n<p><\/p>\n<div><\/div>\n","protected":false},"excerpt":{"rendered":"<p>Un taxista que hablaba por celular mientras manejaba caus\u00f3 tremendo accidente esta ma\u00f1ana y dej\u00f3 al menos 6 personas heridas. El percance ocurri\u00f3 en la calle 79 por la Avenida<\/p>\n","protected":false},"author":1,"featured_media":26948,"comment_status":"open","ping_status":"open","sticky":false,"template":"","format":"standard","meta":{"jetpack_post_was_ever_published":false,"_jetpack_newsletter_access":"","_jetpack_dont_email_post_to_subs":false,"_jetpack_newsletter_tier_id":0,"_jetpack_memberships_contains_paywalled_content":false,"_jetpack_memberships_contains_paid_content":false,"footnotes":"","jetpack_publicize_message":"","jetpack_publicize_feature_enabled":true,"jetpack_social_post_already_shared":false,"jetpack_social_options":{"image_generator_settings":{"template":"highway","default_image_id":0,"font":"","enabled":false},"version":2}},"categories":[60,3,1],"tags":[],"class_list":["post-8494","post","type-post","status-publish","format-standard","has-post-thumbnail","hentry","category-cafres","category-portada","category-sin-categoria"],"jetpack_publicize_connections":[],"jetpack_featured_media_url":"https:\/\/formalprision.com\/wp-content\/uploads\/2011\/03\/aaaaacamionazo.jpg","jetpack_sharing_enabled":true,"jetpack_shortlink":"https:\/\/wp.me\/p6id8p-2d0","_links":{"self":[{"href":"https:\/\/formalprision.com\/index.php?rest_route=\/wp\/v2\/posts\/8494","targetHints":{"allow":["GET"]}}],"collection":[{"href":"https:\/\/formalprision.com\/index.php?rest_route=\/wp\/v2\/posts"}],"about":[{"href":"https:\/\/formalprision.com\/index.php?rest_route=\/wp\/v2\/types\/post"}],"author":[{"embeddable":true,"href":"https:\/\/formalprision.com\/index.php?rest_route=\/wp\/v2\/users\/1"}],"replies":[{"embeddable":true,"href":"https:\/\/formalprision.com\/index.php?rest_route=%2Fwp%2Fv2%2Fcomments&post=8494"}],"version-history":[{"count":0,"href":"https:\/\/formalprision.com\/index.php?rest_route=\/wp\/v2\/posts\/8494\/revisions"}],"wp:featuredmedia":[{"embeddable":true,"href":"https:\/\/formalprision.com\/index.php?rest_route=\/wp\/v2\/media\/26948"}],"wp:attachment":[{"href":"https:\/\/formalprision.com\/index.php?rest_route=%2Fwp%2Fv2%2Fmedia&parent=8494"}],"wp:term":[{"taxonomy":"category","embeddable":true,"href":"https:\/\/formalprision.com\/index.php?rest_route=%2Fwp%2Fv2%2Fcategories&post=8494"},{"taxonomy":"post_tag","embeddable":true,"href":"https:\/\/formalprision.com\/index.php?rest_route=%2Fwp%2Fv2%2Ftags&post=8494"}],"curies":[{"name":"wp","href":"https:\/\/api.w.org\/{rel}","templated":true}]}}